{"id":228991,"date":"2025-06-26T18:31:52","date_gmt":"2025-06-26T21:31:52","guid":{"rendered":"https:\/\/diarioregionaldigital.com.br\/?p=228991"},"modified":"2025-06-26T18:31:52","modified_gmt":"2025-06-26T21:31:52","slug":"secretaria-do-bem-estar-animal-leva-conscientizacao-sobre-cuidados-com-caes-e-gatos-as-escolas","status":"publish","type":"post","link":"https:\/\/diarioregionaldigital.com.br\/?p=228991","title":{"rendered":"Secretaria do Bem-Estar Animal leva conscientiza\u00e7\u00e3o sobre cuidados com c\u00e3es e gatos \u00e0s escolas"},"content":{"rendered":"<p>Segundo informa\u00e7\u00f5es do site da Prefeitura de Juiz de Fora (PJF), a Secretaria do Bem-Estar Animal da Prefeitura de Juiz de Fora (SEBEAL) realizou, nesta quinta-feira, 26, a visita na Escola Municipal Irineu Guimar\u00e3es, bairro S\u00e3o Benedito, com o objetivo de conscientizar as crian\u00e7as sobre os cuidados com c\u00e3es e gatos, al\u00e9m de apresentar o importante trabalho realizado pelo Canil Municipal na prote\u00e7\u00e3o e seguran\u00e7a dos animais.<\/p>\n<div id=\"box_texto_noticia\">\n<p>Essa \u00e9 a quarta visita a institui\u00e7\u00f5es de ensino da cidade. A primeira foi a Escola Municipal Ilva Mello Reis, situada no bairro Marumbi, seguida pela E.M. Jos\u00e9 Homem de Carvalho, bairro Santa Efig\u00eania e a E.M. Rocha Pombo, no bairro Amaz\u00f4nia.<\/p>\n<p>A a\u00e7\u00e3o educativa tem sido conduzida pelo Secret\u00e1rio do Bem &#8211; Estar Animal, M\u00e1rcio Guerra, e pela assessora Roberta Aglio, que compartilham com os pequenos informa\u00e7\u00f5es valiosas sobre guarda respons\u00e1vel, maus-tratos, ado\u00e7\u00e3o consciente e o cotidiano dos animais acolhidos pela Prefeitura. At\u00e9 o momento, mais de 300 crian\u00e7as em cada escola j\u00e1 participaram das atividades, demonstrando grande interesse e envolvimento com o tema.<\/p>\n<p>A agenda de visitas do m\u00eas de agosto j\u00e1 est\u00e1 em andamento. A Secretaria segue recebendo solicita\u00e7\u00f5es de novas escolas interessadas em receber o projeto. A iniciativa refor\u00e7a a import\u00e2ncia da educa\u00e7\u00e3o desde cedo para a constru\u00e7\u00e3o de uma sociedade mais emp\u00e1tica, consciente e protetora dos animais.<\/p>\n<div>A equipe da Secretaria do Bem-Estar Animal refor\u00e7a que todas as institui\u00e7\u00f5es\u00a0 podem entrar em contato para solicitar a visita, pelo telefone: 32 2104 &#8211; 8450.\u00a0<strong>\u00a0A miss\u00e3o \u00e9 clara: formar cidad\u00e3os que respeitam e cuidam de todos os seres vivos.<\/strong><\/div>\n<\/div>\n<p>&nbsp;<\/p>\n","protected":false},"excerpt":{"rendered":"<p>Segundo informa\u00e7\u00f5es do site da Prefeitura de Juiz de Fora (PJF), a Secretaria do Bem-Estar Animal da Prefeitura de Juiz de Fora (SEBEAL) realizou, nesta quinta-feira, 26, a visita na Escola Municipal Irineu Guimar\u00e3es, bairro S\u00e3o Benedito, com o objetivo de conscientizar as crian\u00e7as sobre os cuidados com c\u00e3es e gatos, al\u00e9m de apresentar o [&hellip;]<\/p>\n","protected":false},"author":246,"featured_media":228992,"comment_status":"closed","ping_status":"closed","sticky":false,"template":"","format":"standard","meta":{"footnotes":""},"categories":[253,436,439],"tags":[],"class_list":["post-228991","post","type-post","status-publish","format-standard","has-post-thumbnail","hentry","category-cidade","category-destaque-da-semana","category-ultima-hora"],"_links":{"self":[{"href":"https:\/\/diarioregionaldigital.com.br\/index.php?rest_route=\/wp\/v2\/posts\/228991","targetHints":{"allow":["GET"]}}],"collection":[{"href":"https:\/\/diarioregionaldigital.com.br\/index.php?rest_route=\/wp\/v2\/posts"}],"about":[{"href":"https:\/\/diarioregionaldigital.com.br\/index.php?rest_route=\/wp\/v2\/types\/post"}],"author":[{"embeddable":true,"href":"https:\/\/diarioregionaldigital.com.br\/index.php?rest_route=\/wp\/v2\/users\/246"}],"replies":[{"embeddable":true,"href":"https:\/\/diarioregionaldigital.com.br\/index.php?rest_route=%2Fwp%2Fv2%2Fcomments&post=228991"}],"version-history":[{"count":2,"href":"https:\/\/diarioregionaldigital.com.br\/index.php?rest_route=\/wp\/v2\/posts\/228991\/revisions"}],"predecessor-version":[{"id":228994,"href":"https:\/\/diarioregionaldigital.com.br\/index.php?rest_route=\/wp\/v2\/posts\/228991\/revisions\/228994"}],"wp:featuredmedia":[{"embeddable":true,"href":"https:\/\/diarioregionaldigital.com.br\/index.php?rest_route=\/wp\/v2\/media\/228992"}],"wp:attachment":[{"href":"https:\/\/diarioregionaldigital.com.br\/index.php?rest_route=%2Fwp%2Fv2%2Fmedia&parent=228991"}],"wp:term":[{"taxonomy":"category","embeddable":true,"href":"https:\/\/diarioregionaldigital.com.br\/index.php?rest_route=%2Fwp%2Fv2%2Fcategories&post=228991"},{"taxonomy":"post_tag","embeddable":true,"href":"https:\/\/diarioregionaldigital.com.br\/index.php?rest_route=%2Fwp%2Fv2%2Ftags&post=228991"}],"curies":[{"name":"wp","href":"https:\/\/api.w.org\/{rel}","templated":true}]}}