{"id":228987,"date":"2025-06-26T18:30:48","date_gmt":"2025-06-26T21:30:48","guid":{"rendered":"https:\/\/diarioregionaldigital.com.br\/?p=228987"},"modified":"2025-06-26T18:30:48","modified_gmt":"2025-06-26T21:30:48","slug":"juiz-de-fora-recebe-premio-de-inteligencia-municipal-na-4a-edicao-do-eugeopixel","status":"publish","type":"post","link":"https:\/\/diarioregionaldigital.com.br\/?p=228987","title":{"rendered":"Juiz de Fora recebe pr\u00eamio de Intelig\u00eancia Municipal na 4\u00aa edi\u00e7\u00e3o do EuGeopixel"},"content":{"rendered":"<p>Segundo informa\u00e7\u00f5es do site da Prefeitura de Juiz de Fora (PJF), a PJF\u00a0ganhou o pr\u00eamio de Intelig\u00eancia Municipal, representando a cidade, nesta quarta-feira, 25, na 4\u00aa edi\u00e7\u00e3o do Encontro de Usu\u00e1rios da Geopixel (EuGeopixel). Esse pr\u00eamio \u00e9 dado aos munic\u00edpios que mais investem em intelig\u00eancia tribut\u00e1ria no pa\u00eds, al\u00e9m de ser um reconhecimento do esfor\u00e7o das administra\u00e7\u00f5es municipais, visando a constru\u00e7\u00e3o de uma cidade inteligente, humana e sustent\u00e1vel.<\/p>\n<p>O evento na cidade de S\u00e3o Jos\u00e9 dos Campos (SP), contou com a participa\u00e7\u00e3o de munic\u00edpios do pa\u00eds inteiro para compartilhar suas experi\u00eancias.\u00a0O EuGeopixel apresenta formas de como solucionar os problemas na administra\u00e7\u00e3o p\u00fablica, e como \u00e9 poss\u00edvel melhorar a vida do munic\u00edpio.<\/p>\n<p>A secret\u00e1ria da Fazenda, Fernanda Finotti, explica que quando a atual gest\u00e3o assumiu o Governo, em 2021, a pasta tinha \u00e0 disposi\u00e7\u00e3o um recurso da linha de financiamento do Programa Nacional de Apoio \u00e0 Gest\u00e3o Administrativa e Fiscal dos Munic\u00edpios Brasileiros (PNAFM), mas que n\u00e3o estava sendo executado. Foi feita uma grande organiza\u00e7\u00e3o da administra\u00e7\u00e3o tribut\u00e1ria do munic\u00edpio e, desde a primeira contrata\u00e7\u00e3o, a Prefeitura segue aprimorando esse processo. \u201cPara n\u00f3s, foi bastante r\u00e1pido esse reconhecimento. Isso mostra que a gente empreendeu muito esfor\u00e7o para conseguir usar esse dinheiro, que j\u00e1 estava dispon\u00edvel, e assim fazer os processos licitat\u00f3rios com excel\u00eancia, de maneira que a gente conseguiu adquirir produtos e servi\u00e7os realmente eficazes para o problema que a gente tem: controlar todo cadastro de empresas e de im\u00f3veis do munic\u00edpio\u201d, destacou a secret\u00e1ria.<\/p>\n","protected":false},"excerpt":{"rendered":"<p>Segundo informa\u00e7\u00f5es do site da Prefeitura de Juiz de Fora (PJF), a PJF\u00a0ganhou o pr\u00eamio de Intelig\u00eancia Municipal, representando a cidade, nesta quarta-feira, 25, na 4\u00aa edi\u00e7\u00e3o do Encontro de Usu\u00e1rios da Geopixel (EuGeopixel). Esse pr\u00eamio \u00e9 dado aos munic\u00edpios que mais investem em intelig\u00eancia tribut\u00e1ria no pa\u00eds, al\u00e9m de ser um reconhecimento do esfor\u00e7o [&hellip;]<\/p>\n","protected":false},"author":246,"featured_media":228988,"comment_status":"closed","ping_status":"closed","sticky":false,"template":"","format":"standard","meta":{"footnotes":""},"categories":[253,436,440,439],"tags":[],"class_list":["post-228987","post","type-post","status-publish","format-standard","has-post-thumbnail","hentry","category-cidade","category-destaque-da-semana","category-destaques-do-dia","category-ultima-hora"],"_links":{"self":[{"href":"https:\/\/diarioregionaldigital.com.br\/index.php?rest_route=\/wp\/v2\/posts\/228987","targetHints":{"allow":["GET"]}}],"collection":[{"href":"https:\/\/diarioregionaldigital.com.br\/index.php?rest_route=\/wp\/v2\/posts"}],"about":[{"href":"https:\/\/diarioregionaldigital.com.br\/index.php?rest_route=\/wp\/v2\/types\/post"}],"author":[{"embeddable":true,"href":"https:\/\/diarioregionaldigital.com.br\/index.php?rest_route=\/wp\/v2\/users\/246"}],"replies":[{"embeddable":true,"href":"https:\/\/diarioregionaldigital.com.br\/index.php?rest_route=%2Fwp%2Fv2%2Fcomments&post=228987"}],"version-history":[{"count":2,"href":"https:\/\/diarioregionaldigital.com.br\/index.php?rest_route=\/wp\/v2\/posts\/228987\/revisions"}],"predecessor-version":[{"id":228990,"href":"https:\/\/diarioregionaldigital.com.br\/index.php?rest_route=\/wp\/v2\/posts\/228987\/revisions\/228990"}],"wp:featuredmedia":[{"embeddable":true,"href":"https:\/\/diarioregionaldigital.com.br\/index.php?rest_route=\/wp\/v2\/media\/228988"}],"wp:attachment":[{"href":"https:\/\/diarioregionaldigital.com.br\/index.php?rest_route=%2Fwp%2Fv2%2Fmedia&parent=228987"}],"wp:term":[{"taxonomy":"category","embeddable":true,"href":"https:\/\/diarioregionaldigital.com.br\/index.php?rest_route=%2Fwp%2Fv2%2Fcategories&post=228987"},{"taxonomy":"post_tag","embeddable":true,"href":"https:\/\/diarioregionaldigital.com.br\/index.php?rest_route=%2Fwp%2Fv2%2Ftags&post=228987"}],"curies":[{"name":"wp","href":"https:\/\/api.w.org\/{rel}","templated":true}]}}