{"id":228977,"date":"2025-06-26T18:26:32","date_gmt":"2025-06-26T21:26:32","guid":{"rendered":"https:\/\/diarioregionaldigital.com.br\/?p=228977"},"modified":"2025-06-26T18:26:32","modified_gmt":"2025-06-26T21:26:32","slug":"governo-de-minas-e-embaixada-da-franca-lancam-edital-para-apoio-a-planos-municipais-de-acao-climatica","status":"publish","type":"post","link":"https:\/\/diarioregionaldigital.com.br\/?p=228977","title":{"rendered":"Governo de Minas e Embaixada da Fran\u00e7a lan\u00e7am edital para apoio a planos municipais de a\u00e7\u00e3o clim\u00e1tica"},"content":{"rendered":"<p><main class=\"clear margin-md-bottom-3\"><\/p>\n<div class=\"clear \">\n<p>A\u00a0<a href=\"https:\/\/meioambiente.mg.gov.br\/\" target=\"_blank\" rel=\"noopener\">Secretaria de Estado de Meio Ambiente e Desenvolvimento Sustent\u00e1vel de Minas Gerais (Semad)<\/a>\u00a0lan\u00e7ou\u00a0<a href=\"https:\/\/www.semad.mg.gov.br\/documents\/d\/semad\/edital-selecao-cidades-24_06_25-2-docx\" target=\"_blank\" rel=\"noopener\">edital<\/a>, em parceria com a Embaixada da Fran\u00e7a no Brasil, para\u00a0selecionar\u00a0munic\u00edpios interessados em participar do projeto Climativa, com o objetivo de apoiar a elabora\u00e7\u00e3o de Planos de A\u00e7\u00e3o Clim\u00e1tica Municipais (Plac), com foco na capacita\u00e7\u00e3o t\u00e9cnica e no fortalecimento da governan\u00e7a ambiental local.<\/p>\n<p>O projeto vai selecionar pelo menos dez munic\u00edpios mineiros com popula\u00e7\u00e3o entre 20 mil e 100 mil habitantes. As inscri\u00e7\u00f5es s\u00e3o gratuitas e est\u00e3o abertas at\u00e9 a esta ter\u00e7a-feira (1\/7). O edital e todas as informa\u00e7\u00f5es sobre o processo de ades\u00e3o est\u00e3o dispon\u00edveis na\u00a0<a href=\"https:\/\/plataformaclimativa.com.br\/\" target=\"_blank\" rel=\"noopener\">Plataforma Climativa<\/a>.<\/p>\n<p>A diretora de Sustentabilidade, Energia e Mudan\u00e7as Clim\u00e1ticas da Semad, Ana Paula Costa Ramos, explica que os recursos financeiros s\u00e3o destinados exclusivamente \u00e0 realiza\u00e7\u00e3o de estudos e atividades t\u00e9cnicas, que envolvem capacita\u00e7\u00e3o de servidores e elabora\u00e7\u00e3o dos planos com base em diretrizes da Semad, com metodologia desenvolvida por pesquisadores da Universidade Federal de Minas Gerais (UFMG).<\/p>\n<p>&#8220;Os munic\u00edpios devem assumir o compromisso de conduzir o projeto internamente, concluir o plano, realizar uma audi\u00eancia p\u00fablica para discuss\u00e3o e, por fim, lan\u00e7ar oficialmente o documento&#8221;, destaca Ana Paula Costa Ramos.<\/p>\n<p>A metodologia da Plataforma Climativa combina an\u00e1lises t\u00e9cnicas, participa\u00e7\u00e3o comunit\u00e1ria e tomada de decis\u00f5es estrat\u00e9gicas, promovendo o fortalecimento da capacidade local para lidar com os impactos das mudan\u00e7as clim\u00e1ticas. A expectativa \u00e9 que os munic\u00edpios contem com planos estruturados, realistas e alinhados \u00e0s pol\u00edticas clim\u00e1ticas nacional e estadual.<\/p>\n<p>A a\u00e7\u00e3o refor\u00e7a o compromisso do\u00a0<a href=\"https:\/\/www.mg.gov.br\/\" target=\"_blank\" rel=\"noopener\">Governo de Minas<\/a>\u00a0com o desenvolvimento sustent\u00e1vel e o apoio direto aos munic\u00edpios na constru\u00e7\u00e3o de uma agenda clim\u00e1tica integrada e eficiente.<\/p>\n<p>Fonte: Ag\u00eancia Minas<\/p>\n<\/div>\n<p><\/main><\/p>\n","protected":false},"excerpt":{"rendered":"<p>A\u00a0Secretaria de Estado de Meio Ambiente e Desenvolvimento Sustent\u00e1vel de Minas Gerais (Semad)\u00a0lan\u00e7ou\u00a0edital, em parceria com a Embaixada da Fran\u00e7a no Brasil, para\u00a0selecionar\u00a0munic\u00edpios interessados em participar do projeto Climativa, com o objetivo de apoiar a elabora\u00e7\u00e3o de Planos de A\u00e7\u00e3o Clim\u00e1tica Municipais (Plac), com foco na capacita\u00e7\u00e3o t\u00e9cnica e no fortalecimento da governan\u00e7a ambiental local. [&hellip;]<\/p>\n","protected":false},"author":246,"featured_media":228978,"comment_status":"closed","ping_status":"closed","sticky":false,"template":"","format":"standard","meta":{"footnotes":""},"categories":[436,261,254,439],"tags":[],"class_list":["post-228977","post","type-post","status-publish","format-standard","has-post-thumbnail","hentry","category-destaque-da-semana","category-economia","category-politica","category-ultima-hora"],"_links":{"self":[{"href":"https:\/\/diarioregionaldigital.com.br\/index.php?rest_route=\/wp\/v2\/posts\/228977","targetHints":{"allow":["GET"]}}],"collection":[{"href":"https:\/\/diarioregionaldigital.com.br\/index.php?rest_route=\/wp\/v2\/posts"}],"about":[{"href":"https:\/\/diarioregionaldigital.com.br\/index.php?rest_route=\/wp\/v2\/types\/post"}],"author":[{"embeddable":true,"href":"https:\/\/diarioregionaldigital.com.br\/index.php?rest_route=\/wp\/v2\/users\/246"}],"replies":[{"embeddable":true,"href":"https:\/\/diarioregionaldigital.com.br\/index.php?rest_route=%2Fwp%2Fv2%2Fcomments&post=228977"}],"version-history":[{"count":2,"href":"https:\/\/diarioregionaldigital.com.br\/index.php?rest_route=\/wp\/v2\/posts\/228977\/revisions"}],"predecessor-version":[{"id":228980,"href":"https:\/\/diarioregionaldigital.com.br\/index.php?rest_route=\/wp\/v2\/posts\/228977\/revisions\/228980"}],"wp:featuredmedia":[{"embeddable":true,"href":"https:\/\/diarioregionaldigital.com.br\/index.php?rest_route=\/wp\/v2\/media\/228978"}],"wp:attachment":[{"href":"https:\/\/diarioregionaldigital.com.br\/index.php?rest_route=%2Fwp%2Fv2%2Fmedia&parent=228977"}],"wp:term":[{"taxonomy":"category","embeddable":true,"href":"https:\/\/diarioregionaldigital.com.br\/index.php?rest_route=%2Fwp%2Fv2%2Fcategories&post=228977"},{"taxonomy":"post_tag","embeddable":true,"href":"https:\/\/diarioregionaldigital.com.br\/index.php?rest_route=%2Fwp%2Fv2%2Ftags&post=228977"}],"curies":[{"name":"wp","href":"https:\/\/api.w.org\/{rel}","templated":true}]}}