{"id":228973,"date":"2025-06-26T18:25:23","date_gmt":"2025-06-26T21:25:23","guid":{"rendered":"https:\/\/diarioregionaldigital.com.br\/?p=228973"},"modified":"2025-06-26T18:25:23","modified_gmt":"2025-06-26T21:25:23","slug":"governo-de-minas-regulamenta-transporte-de-caes-e-gatos-de-pequeno-porte-em-onibus-intermunicipais","status":"publish","type":"post","link":"https:\/\/diarioregionaldigital.com.br\/?p=228973","title":{"rendered":"Governo de Minas regulamenta transporte de c\u00e3es e gatos de pequeno porte em \u00f4nibus intermunicipais"},"content":{"rendered":"<p>Viajar com animais de estima\u00e7\u00e3o vai ficar mais f\u00e1cil em Minas a partir desta sexta-feira (27\/6). O\u00a0<a href=\"https:\/\/www.mg.gov.br\/\" target=\"_blank\" rel=\"noopener\">Governo do Estado<\/a>, por meio da\u00a0<a href=\"http:\/\/www.infraestrutura.mg.gov.br\/\" target=\"_blank\" rel=\"noopener\">Secretaria de Estado de Infraestrutura, Mobilidade e Parcerias (Seinfra)<\/a>, vai publicar, no\u00a0<a href=\"https:\/\/www.jornalminasgerais.mg.gov.br\/\" target=\"_blank\" rel=\"noopener\">Di\u00e1rio Oficial de Minas Gerais<\/a>,\u00a0o regulamento para transporte de c\u00e3es e gatos dom\u00e9sticos de pequeno porte nos \u00f4nibus do sistema intermunicipal de passageiros.<\/p>\n<p>A norma, que entra em vigor na mesma data, estabelece diretrizes para garantir a seguran\u00e7a e o conforto de tutores, animais e demais usu\u00e1rios durante as viagens. A regulamenta\u00e7\u00e3o se aplica a ve\u00edculos rodovi\u00e1rios nas categorias convencional e executivo.<\/p>\n<p>O documento foi elaborado em conjunto com o Conselho Regional de Medicina Veterin\u00e1ria de Minas Gerais (CRMV-MG), o Sindicato das Empresas de Transporte de Passageiros (Sindpas) e o Minist\u00e9rio P\u00fablico do Estado (MPMG).<\/p>\n<p>De acordo com a publica\u00e7\u00e3o, s\u00e3o considerados de pequeno porte os c\u00e3es e gatos dom\u00e9sticos que possam ser transportados em caixas que o tutor consiga carregar e manusear, e que tenham espa\u00e7o suficiente para o animal se levantar, virar e se deitar com conforto.<\/p>\n<table border=\"0\" cellspacing=\"1\" cellpadding=\"1\" align=\"center\">\n<tbody>\n<tr>\n<td colspan=\"5\"><img decoding=\"async\" src=\"https:\/\/www.agenciaminas.mg.gov.br\/ckeditor_assets\/pictures\/20949\/content_2_olho_topo.jpg\" alt=\"\" \/><\/td>\n<\/tr>\n<tr>\n<td><\/td>\n<td colspan=\"3\" rowspan=\"3\">\n<h1><strong>&#8220;Esse decreto \u00e9 fundamental para padronizar o transporte de animais nos \u00f4nibus intermunicipais, garantindo mais seguran\u00e7a e tranquilidade para tutores, passageiros e empresas. \u00c9 uma iniciativa que organiza o servi\u00e7o e reflete o compromisso do Estado em estabelecer regras que atendam ao interesse coletivo&#8221;, afirma o subsecret\u00e1rio de Transportes e Mobilidade da Seinfra, Aaron Dalla.<\/strong><\/h1>\n<\/td>\n<td><\/td>\n<\/tr>\n<tr>\n<td><\/td>\n<td><\/td>\n<\/tr>\n<tr>\n<td><\/td>\n<td><\/td>\n<\/tr>\n<tr>\n<td colspan=\"5\"><img decoding=\"async\" src=\"https:\/\/www.agenciaminas.mg.gov.br\/ckeditor_assets\/pictures\/20950\/content_2_olho_inferior.jpg\" alt=\"\" \/><\/td>\n<\/tr>\n<\/tbody>\n<\/table>\n<p><strong>Benef\u00edcios<\/strong><\/p>\n<p>H\u00e1 muitos anos, Joyce da Silva Mendes resgata animais em situa\u00e7\u00e3o de risco por meio do projeto Amor a Quatro Patas. Ela ressalta que a regulamenta\u00e7\u00e3o \u00e9 um passo importante para fortalecer a responsabilidade com os pets.<\/p>\n<p>Em per\u00edodos como as f\u00e9rias, quando aumentam os casos de abandono, oferecer condi\u00e7\u00f5es seguras de viagem pode fazer a diferen\u00e7a na decis\u00e3o dos tutores.<\/p>\n<table border=\"0\" cellspacing=\"1\" cellpadding=\"1\" align=\"center\">\n<tbody>\n<tr>\n<td colspan=\"5\"><img decoding=\"async\" src=\"https:\/\/www.agenciaminas.mg.gov.br\/ckeditor_assets\/pictures\/20949\/content_2_olho_topo.jpg\" alt=\"\" \/><\/td>\n<\/tr>\n<tr>\n<td><\/td>\n<td colspan=\"3\" rowspan=\"3\">\n<h1><strong>&#8220;Quando o transporte \u00e9 acess\u00edvel e regulamentado, ele protege os animais e incentiva as fam\u00edlias a mant\u00ea-los por perto, inclusive nas viagens. Isso ajuda a combater o abandono e refor\u00e7a a import\u00e2ncia da guarda respons\u00e1vel&#8221;, destaca Joyce da Silva Mendes.<\/strong><\/h1>\n<\/td>\n<td><\/td>\n<\/tr>\n<tr>\n<td><\/td>\n<td><\/td>\n<\/tr>\n<tr>\n<td><\/td>\n<td><\/td>\n<\/tr>\n<tr>\n<td colspan=\"5\"><img decoding=\"async\" src=\"https:\/\/www.agenciaminas.mg.gov.br\/ckeditor_assets\/pictures\/20950\/content_2_olho_inferior.jpg\" alt=\"\" \/><\/td>\n<\/tr>\n<\/tbody>\n<\/table>\n<p><strong>Regras<\/strong><\/p>\n<p>Entre as principais exig\u00eancias para as viagens, est\u00e3o o uso obrigat\u00f3rio de caixas de transporte resistentes, ventiladas e compat\u00edveis com o tamanho do animal, que impe\u00e7am o contato com outros passageiros. Tamb\u00e9m \u00e9 necess\u00e1ria a compra de passagem para o pet.<\/p>\n<p>O tutor dever\u00e1 portar atestado de sa\u00fade emitido por m\u00e9dico veterin\u00e1rio registrado no Conselho Regional de Medicina Veterin\u00e1ria, com validade de at\u00e9 30 dias antes da data da viagem, comprovando que o animal est\u00e1 em boas condi\u00e7\u00f5es de sa\u00fade.<\/p>\n<p>O assessor t\u00e9cnico do CRMV-MG, Messias Lobo, ressalta que os tutores devem ficar atentos \u00e0 vacina\u00e7\u00e3o e vermifuga\u00e7\u00e3o dos animais para agilizar o processo de emiss\u00e3o do atestado pelo m\u00e9dico veterin\u00e1rio.<\/p>\n<p>\u201cA exig\u00eancia do atestado garante a seguran\u00e7a para os animais e para os passageiros que utilizam o servi\u00e7o de transporte intermunicipal. \u00c9 um processo r\u00e1pido. O m\u00e9dico faz uma consulta, avalia as condi\u00e7\u00f5es de sa\u00fade do animal e j\u00e1 emite o atestado na hora\u201d, explica.<\/p>\n<p>Para embarcar, c\u00e3es e gatos devem estar limpos e n\u00e3o podem representar riscos \u00e0 seguran\u00e7a dos demais usu\u00e1rios. \u00c9 permitido o transporte de at\u00e9 dois animais dom\u00e9sticos de pequeno porte por viagem no sistema intermunicipal, seguindo a ordem de reserva.<\/p>\n<p>C\u00e3es-guia e outros animais amparados por legisla\u00e7\u00e3o espec\u00edfica seguem regras pr\u00f3prias.<\/p>\n<p>Fonte: Ag\u00eancia Minas<\/p>\n","protected":false},"excerpt":{"rendered":"<p>Viajar com animais de estima\u00e7\u00e3o vai ficar mais f\u00e1cil em Minas a partir desta sexta-feira (27\/6). O\u00a0Governo do Estado, por meio da\u00a0Secretaria de Estado de Infraestrutura, Mobilidade e Parcerias (Seinfra), vai publicar, no\u00a0Di\u00e1rio Oficial de Minas Gerais,\u00a0o regulamento para transporte de c\u00e3es e gatos dom\u00e9sticos de pequeno porte nos \u00f4nibus do sistema intermunicipal de passageiros. [&hellip;]<\/p>\n","protected":false},"author":246,"featured_media":228974,"comment_status":"closed","ping_status":"closed","sticky":false,"template":"","format":"standard","meta":{"footnotes":""},"categories":[436,440,261,254,439],"tags":[],"class_list":["post-228973","post","type-post","status-publish","format-standard","has-post-thumbnail","hentry","category-destaque-da-semana","category-destaques-do-dia","category-economia","category-politica","category-ultima-hora"],"_links":{"self":[{"href":"https:\/\/diarioregionaldigital.com.br\/index.php?rest_route=\/wp\/v2\/posts\/228973","targetHints":{"allow":["GET"]}}],"collection":[{"href":"https:\/\/diarioregionaldigital.com.br\/index.php?rest_route=\/wp\/v2\/posts"}],"about":[{"href":"https:\/\/diarioregionaldigital.com.br\/index.php?rest_route=\/wp\/v2\/types\/post"}],"author":[{"embeddable":true,"href":"https:\/\/diarioregionaldigital.com.br\/index.php?rest_route=\/wp\/v2\/users\/246"}],"replies":[{"embeddable":true,"href":"https:\/\/diarioregionaldigital.com.br\/index.php?rest_route=%2Fwp%2Fv2%2Fcomments&post=228973"}],"version-history":[{"count":2,"href":"https:\/\/diarioregionaldigital.com.br\/index.php?rest_route=\/wp\/v2\/posts\/228973\/revisions"}],"predecessor-version":[{"id":228976,"href":"https:\/\/diarioregionaldigital.com.br\/index.php?rest_route=\/wp\/v2\/posts\/228973\/revisions\/228976"}],"wp:featuredmedia":[{"embeddable":true,"href":"https:\/\/diarioregionaldigital.com.br\/index.php?rest_route=\/wp\/v2\/media\/228974"}],"wp:attachment":[{"href":"https:\/\/diarioregionaldigital.com.br\/index.php?rest_route=%2Fwp%2Fv2%2Fmedia&parent=228973"}],"wp:term":[{"taxonomy":"category","embeddable":true,"href":"https:\/\/diarioregionaldigital.com.br\/index.php?rest_route=%2Fwp%2Fv2%2Fcategories&post=228973"},{"taxonomy":"post_tag","embeddable":true,"href":"https:\/\/diarioregionaldigital.com.br\/index.php?rest_route=%2Fwp%2Fv2%2Ftags&post=228973"}],"curies":[{"name":"wp","href":"https:\/\/api.w.org\/{rel}","templated":true}]}}