{"id":228969,"date":"2025-06-26T18:24:16","date_gmt":"2025-06-26T21:24:16","guid":{"rendered":"https:\/\/diarioregionaldigital.com.br\/?p=228969"},"modified":"2025-06-26T18:24:16","modified_gmt":"2025-06-26T21:24:16","slug":"minas-gerais-apresenta-avancos-em-politicas-climaticas-na-semana-do-clima-de-londres","status":"publish","type":"post","link":"https:\/\/diarioregionaldigital.com.br\/?p=228969","title":{"rendered":"Minas Gerais apresenta avan\u00e7os em pol\u00edticas clim\u00e1ticas na Semana do Clima de Londres"},"content":{"rendered":"<p><main class=\"clear margin-md-bottom-3\"><\/p>\n<div class=\"clear \">\n<p>O\u00a0<a href=\"https:\/\/www.mg.gov.br\/\" target=\"_blank\" rel=\"noopener\">Governo de Minas<\/a>\u00a0participa da s\u00e9tima edi\u00e7\u00e3o do\u00a0evento London Climate Action Week\u00a0(Lcaw 2025), maior festival clim\u00e1tico urbano da Europa, que come\u00e7ou no dia 21\/6 e vai at\u00e9 domingo (29\/6)\u00a0em Londres, no Reino Unido. O Lcaw re\u00fane mais de 45 mil participantes anualmente e destaca solu\u00e7\u00f5es clim\u00e1ticas inovadoras, al\u00e9m de colabora\u00e7\u00f5es globais para a neutralidade das emiss\u00f5es de carbono.<\/p>\n<p>Representando a\u00a0<a href=\"https:\/\/meioambiente.mg.gov.br\/\" target=\"_blank\" rel=\"noopener\">Secretaria de Estado de Meio Ambiente e Desenvolvimento Sustent\u00e1vel (Semad)<\/a>, o subsecret\u00e1rio de Gest\u00e3o Ambiental de Minas, Diogo Melo Franco, participou\u00a0de uma s\u00e9rie de debates que envolveram\u00a0temas como solu\u00e7\u00f5es clim\u00e1ticas para o Sul Global, agricultura regenerativa e o papel de estados subnacionais na lideran\u00e7a da a\u00e7\u00e3o clim\u00e1tica.<\/p>\n<p>&#8220;Tivemos um importante debate com representantes de estados subnacionais de diversas partes do mundo, como Calif\u00f3rnia (EUA), regi\u00f5es da Austr\u00e1lia e estados brasileiros como Acre, Mato Grosso e Minas Gerais. Foi um momento rico para alinhar desafios comuns e discutir solu\u00e7\u00f5es integradas\u201d, destacou Diogo Melo Franco.<\/p>\n<p>O subsecret\u00e1rio apresentou os avan\u00e7os do Plano de A\u00e7\u00e3o Clim\u00e1tica de Minas (Plac-MG), com \u00eanfase em duas frentes priorit\u00e1rias: a recupera\u00e7\u00e3o de \u00e1reas degradadas em propriedades rurais, com apoio do setor privado ao produtor rural,\u00a0e a redu\u00e7\u00e3o do uso de combust\u00edveis f\u00f3sseis no transporte de carga e passageiros.<\/p>\n<p>As estrat\u00e9gias mineiras foram bem avaliadas pelos participantes internacionais, especialmente as parcerias que envolvem o setor produtivo como agente ativo na transi\u00e7\u00e3o clim\u00e1tica.<\/p>\n<p>A edi\u00e7\u00e3o deste ano tamb\u00e9m marcou os dez anos da campanha &#8220;Under2 Coalition&#8221;, iniciativa que re\u00fane estados e regi\u00f5es comprometidos com metas ambiciosas de neutralidade de carbono at\u00e9 2050. Minas Gerais \u00e9 signat\u00e1rio da coaliz\u00e3o e refor\u00e7ou seu compromisso com a governan\u00e7a clim\u00e1tica em todos os n\u00edveis \u2014 estadual e municipal.<\/p>\n<p>Fonte: Ag\u00eancia Minas<\/p>\n<\/div>\n<p><\/main><\/p>\n","protected":false},"excerpt":{"rendered":"<p>O\u00a0Governo de Minas\u00a0participa da s\u00e9tima edi\u00e7\u00e3o do\u00a0evento London Climate Action Week\u00a0(Lcaw 2025), maior festival clim\u00e1tico urbano da Europa, que come\u00e7ou no dia 21\/6 e vai at\u00e9 domingo (29\/6)\u00a0em Londres, no Reino Unido. O Lcaw re\u00fane mais de 45 mil participantes anualmente e destaca solu\u00e7\u00f5es clim\u00e1ticas inovadoras, al\u00e9m de colabora\u00e7\u00f5es globais para a neutralidade das emiss\u00f5es [&hellip;]<\/p>\n","protected":false},"author":246,"featured_media":228970,"comment_status":"closed","ping_status":"closed","sticky":false,"template":"","format":"standard","meta":{"footnotes":""},"categories":[436,440,261,254,439],"tags":[],"class_list":["post-228969","post","type-post","status-publish","format-standard","has-post-thumbnail","hentry","category-destaque-da-semana","category-destaques-do-dia","category-economia","category-politica","category-ultima-hora"],"_links":{"self":[{"href":"https:\/\/diarioregionaldigital.com.br\/index.php?rest_route=\/wp\/v2\/posts\/228969","targetHints":{"allow":["GET"]}}],"collection":[{"href":"https:\/\/diarioregionaldigital.com.br\/index.php?rest_route=\/wp\/v2\/posts"}],"about":[{"href":"https:\/\/diarioregionaldigital.com.br\/index.php?rest_route=\/wp\/v2\/types\/post"}],"author":[{"embeddable":true,"href":"https:\/\/diarioregionaldigital.com.br\/index.php?rest_route=\/wp\/v2\/users\/246"}],"replies":[{"embeddable":true,"href":"https:\/\/diarioregionaldigital.com.br\/index.php?rest_route=%2Fwp%2Fv2%2Fcomments&post=228969"}],"version-history":[{"count":2,"href":"https:\/\/diarioregionaldigital.com.br\/index.php?rest_route=\/wp\/v2\/posts\/228969\/revisions"}],"predecessor-version":[{"id":228972,"href":"https:\/\/diarioregionaldigital.com.br\/index.php?rest_route=\/wp\/v2\/posts\/228969\/revisions\/228972"}],"wp:featuredmedia":[{"embeddable":true,"href":"https:\/\/diarioregionaldigital.com.br\/index.php?rest_route=\/wp\/v2\/media\/228970"}],"wp:attachment":[{"href":"https:\/\/diarioregionaldigital.com.br\/index.php?rest_route=%2Fwp%2Fv2%2Fmedia&parent=228969"}],"wp:term":[{"taxonomy":"category","embeddable":true,"href":"https:\/\/diarioregionaldigital.com.br\/index.php?rest_route=%2Fwp%2Fv2%2Fcategories&post=228969"},{"taxonomy":"post_tag","embeddable":true,"href":"https:\/\/diarioregionaldigital.com.br\/index.php?rest_route=%2Fwp%2Fv2%2Ftags&post=228969"}],"curies":[{"name":"wp","href":"https:\/\/api.w.org\/{rel}","templated":true}]}}