{"id":228951,"date":"2025-06-25T10:21:08","date_gmt":"2025-06-25T13:21:08","guid":{"rendered":"https:\/\/diarioregionaldigital.com.br\/?p=228951"},"modified":"2025-06-25T10:21:08","modified_gmt":"2025-06-25T13:21:08","slug":"nova-exposicao-celebra-os-104-anos-do-museu-mariano-procopio-e-o-aniversario-de-juiz-de-fora","status":"publish","type":"post","link":"https:\/\/diarioregionaldigital.com.br\/?p=228951","title":{"rendered":"Nova exposi\u00e7\u00e3o celebra os 104 anos do Museu Mariano Proc\u00f3pio e o anivers\u00e1rio de Juiz de Fora"},"content":{"rendered":"<p>Segundo informa\u00e7\u00f5es do site da Prefeitura de Juiz de Fora (PJF), o Museu Mariano Proc\u00f3pio realizou, na noite desta segunda-feira (23), a abertura oficial da exposi\u00e7\u00e3o \u201cCole\u00e7\u00f5es que Revelam: o centro de Juiz de Fora atrav\u00e9s do acervo do Museu Mariano Proc\u00f3pio\u201d. A mostra integra a programa\u00e7\u00e3o comemorativa pelo anivers\u00e1rio da cidade e marca, tamb\u00e9m, os 104 anos do Museu, uma das institui\u00e7\u00f5es culturais mais importantes do Brasil.<\/p>\n<p>O evento de inaugura\u00e7\u00e3o contou com a presen\u00e7a da prefeita Margarida Salom\u00e3o, de autoridades locais, representantes da \u00e1rea cultural, servidores da institui\u00e7\u00e3o e integrantes do Conselho dos\u00a0 Amigos do Museu.<\/p>\n<p>A cerim\u00f4nia refor\u00e7ou a import\u00e2ncia do Mariano Proc\u00f3pio como espa\u00e7o de preserva\u00e7\u00e3o da mem\u00f3ria e valoriza\u00e7\u00e3o da identidade urbana juiz-forana.<\/p>\n<p>A nova exposi\u00e7\u00e3o re\u00fane pinturas do acervo que retratam diferentes perspectivas e momentos do Centro. As obras \u2014 produzidas por artistas conhecidos e an\u00f4nimos, com t\u00e9cnicas e estilos diversos \u2014 oferecem um olhar hist\u00f3rico e afetivo sobre a paisagem urbana de Juiz de Fora.<\/p>\n<p>Durante a solenidade, a prefeita Margarida Salom\u00e3o falou sobre a felicidade de comemorar, mais uma vez, o anivers\u00e1rio de Juiz de Fora no Museu Mariano Proc\u00f3pio. \u201c\u00c9 muito valioso para Juiz de Fora n\u00f3s podermos enunciar, proclamar esse espa\u00e7o. Ter a celebra\u00e7\u00e3o da mem\u00f3ria, reabrindo o Museu, reafirmando o museu, investindo no museu, \u00e9 certamente um enunciado de muita for\u00e7a e de muita esperan\u00e7a na nossa cidade.\u201d<\/p>\n<p>A prefeita ainda aproveitou para fazer um convite aos presentes. \u201cEu quero aproveitar para convidar todas e todos que est\u00e3o aqui, para o dia 30 de junho. Quando n\u00f3s abriremos o nosso Centro de Preserva\u00e7\u00e3o da Mem\u00f3ria Negra de Juiz de Fora. A semente do futuro Museu da Mem\u00f3ria Negra de Juiz de Fora. Que \u00e9 t\u00e3o importante quanto este Museu aqui. Ent\u00e3o, viva Juiz de Fora!\u201d<\/p>\n<p>A Diretora do Museu, Ana Maria Werneck, refor\u00e7ou a import\u00e2ncia que a nova exposi\u00e7\u00e3o oferece ao p\u00fablico juiz-forano. \u201cPara n\u00f3s \u00e9 muito importante, porque o museu tem uma rela\u00e7\u00e3o muito forte com a cidade. Essa exposi\u00e7\u00e3o \u00e9 um presente para a cidade.\u00a0 \u00c9 uma forma de chamar a aten\u00e7\u00e3o do p\u00fablico para olhar e contemplar Juiz de Fora. \u00c9 uma mostra com as obras que falam sobre a cidade num momento em que o munic\u00edpio faz estudos e promove esse projeto t\u00e3o importante que \u00e9 o projeto da revitaliza\u00e7\u00e3o do Centro Hist\u00f3rico.\u201d<\/p>\n<p>O diretor do Conselho Amigos do Museu Mariano Proc\u00f3pio, Eduardo Paletta Guedes, enalteceu a for\u00e7a que esse tipo de exposi\u00e7\u00e3o pode exercer sobre \u00e0s pessoas. \u201cQualquer exposi\u00e7\u00e3o \u00e9 um recorte. \u00c9 uma nova maneira de olhar, de ressignificar o olhar. Tenho certeza que ter essa vis\u00e3o sobre o Centro diz muito sobre o passado, mas tamb\u00e9m nos aponta o futuro. A exposi\u00e7\u00e3o nos serve como inspira\u00e7\u00e3o para a gente olhar para tr\u00e1s, mas tamb\u00e9m olhar para a frente. E, nisso, a gente tem que dar os parab\u00e9ns \u00e0 prefeita pelo projeto de revitaliza\u00e7\u00e3o do Centro Hist\u00f3rico.\u201d<\/p>\n<p>O evento tamb\u00e9m contou com a fala do arquiteto e ex-diretor da Funda\u00e7\u00e3o Mapro, Ant\u00f4nio Carlos Duarte. \u201cO desenvolvimento \u00e9 a transforma\u00e7\u00e3o da cidade ao longo do tempo, seja no seu aspecto urban\u00edstico, arquitet\u00f4nico, econ\u00f4mico e at\u00e9 humano. A presente exposi\u00e7\u00e3o nos leva a conhecer mais e mais a nossa Juiz de Fora. Aprofundar o sentimento de pertencimento. Am\u00e1-la mais intensamente e a zelar carinhosamente com maior responsabilidade.\u201d<\/p>\n<p>O vereador Andr\u00e9 Luiz Vieira tamb\u00e9m agradeceu a prefeita pelos investimentos na cultura. \u201cEu considero uma das grandes vit\u00f3rias do mandato da senhora a reabertura do nosso Museu. Saber que essa exposi\u00e7\u00e3o ser\u00e1 levada \u00e0s escolas me enche de alegria.\u201d<\/p>\n<p>A curadoria da mostra foi realizada pela equipe do Museu, com o objetivo de valorizar o espa\u00e7o urbano e refor\u00e7ar o v\u00ednculo entre a institui\u00e7\u00e3o e a cidade que a abriga. Ao trazer \u00e0 tona imagens de ruas, pra\u00e7as e constru\u00e7\u00f5es emblem\u00e1ticas, a exposi\u00e7\u00e3o prop\u00f5e ao p\u00fablico uma reflex\u00e3o sobre as transforma\u00e7\u00f5es urbanas e sociais de Juiz de Fora ao longo dos tempos.<\/p>\n<p>Instalada no por\u00e3o do pr\u00e9dio hist\u00f3rico do Museu Mariano Proc\u00f3pio, a exposi\u00e7\u00e3o tempor\u00e1ria est\u00e1 aberta ao p\u00fablico, no hor\u00e1rio de funcionamento da institui\u00e7\u00e3o, de ter\u00e7a a domingo, das 9h \u00e0s 16h.<\/p>\n<p>Para outras informa\u00e7\u00f5es, entre em contato pelas redes sociais do Museu (@museumarianoprocopio), pelo e-mail maprocultural@gmail.com ou pelo telefone (32) 3690-2200.<\/p>\n","protected":false},"excerpt":{"rendered":"<p>Segundo informa\u00e7\u00f5es do site da Prefeitura de Juiz de Fora (PJF), o Museu Mariano Proc\u00f3pio realizou, na noite desta segunda-feira (23), a abertura oficial da exposi\u00e7\u00e3o \u201cCole\u00e7\u00f5es que Revelam: o centro de Juiz de Fora atrav\u00e9s do acervo do Museu Mariano Proc\u00f3pio\u201d. A mostra integra a programa\u00e7\u00e3o comemorativa pelo anivers\u00e1rio da cidade e marca, tamb\u00e9m, [&hellip;]<\/p>\n","protected":false},"author":246,"featured_media":228952,"comment_status":"closed","ping_status":"closed","sticky":false,"template":"","format":"standard","meta":{"footnotes":""},"categories":[253,436,440,439],"tags":[],"class_list":["post-228951","post","type-post","status-publish","format-standard","has-post-thumbnail","hentry","category-cidade","category-destaque-da-semana","category-destaques-do-dia","category-ultima-hora"],"_links":{"self":[{"href":"https:\/\/diarioregionaldigital.com.br\/index.php?rest_route=\/wp\/v2\/posts\/228951","targetHints":{"allow":["GET"]}}],"collection":[{"href":"https:\/\/diarioregionaldigital.com.br\/index.php?rest_route=\/wp\/v2\/posts"}],"about":[{"href":"https:\/\/diarioregionaldigital.com.br\/index.php?rest_route=\/wp\/v2\/types\/post"}],"author":[{"embeddable":true,"href":"https:\/\/diarioregionaldigital.com.br\/index.php?rest_route=\/wp\/v2\/users\/246"}],"replies":[{"embeddable":true,"href":"https:\/\/diarioregionaldigital.com.br\/index.php?rest_route=%2Fwp%2Fv2%2Fcomments&post=228951"}],"version-history":[{"count":1,"href":"https:\/\/diarioregionaldigital.com.br\/index.php?rest_route=\/wp\/v2\/posts\/228951\/revisions"}],"predecessor-version":[{"id":228953,"href":"https:\/\/diarioregionaldigital.com.br\/index.php?rest_route=\/wp\/v2\/posts\/228951\/revisions\/228953"}],"wp:featuredmedia":[{"embeddable":true,"href":"https:\/\/diarioregionaldigital.com.br\/index.php?rest_route=\/wp\/v2\/media\/228952"}],"wp:attachment":[{"href":"https:\/\/diarioregionaldigital.com.br\/index.php?rest_route=%2Fwp%2Fv2%2Fmedia&parent=228951"}],"wp:term":[{"taxonomy":"category","embeddable":true,"href":"https:\/\/diarioregionaldigital.com.br\/index.php?rest_route=%2Fwp%2Fv2%2Fcategories&post=228951"},{"taxonomy":"post_tag","embeddable":true,"href":"https:\/\/diarioregionaldigital.com.br\/index.php?rest_route=%2Fwp%2Fv2%2Ftags&post=228951"}],"curies":[{"name":"wp","href":"https:\/\/api.w.org\/{rel}","templated":true}]}}