{"id":228948,"date":"2025-06-25T10:19:12","date_gmt":"2025-06-25T13:19:12","guid":{"rendered":"https:\/\/diarioregionaldigital.com.br\/?p=228948"},"modified":"2025-06-25T10:19:12","modified_gmt":"2025-06-25T13:19:12","slug":"escolas-de-juiz-de-fora-se-classificam-para-a-etapa-regional-do-jemg-2025","status":"publish","type":"post","link":"https:\/\/diarioregionaldigital.com.br\/?p=228948","title":{"rendered":"Escolas de Juiz de Fora se classificam para a etapa regional do JEMG 2025"},"content":{"rendered":"<p>Segundo informa\u00e7\u00f5es do site da Prefeitura de Juiz de Fora (PJF),\u00a0 os col\u00e9gios de Juiz de Fora garantiram vaga na etapa regional dos Jogos Escolares de Minas Gerais (JEMG) 2025. O evento ser\u00e1 realizado na cidade de S\u00e3o Jo\u00e3o del Rei, entre os dias 23 e 28 de junho. Ao todo, 135 estudantes representar\u00e3o o munic\u00edpio na competi\u00e7\u00e3o, sendo 72 atletas do sexo feminino e 63 do masculino.<\/p>\n<p>As equipes se classificaram ap\u00f3s conquistarem o t\u00edtulo na etapa microrregional dos jogos. A Prefeitura de Juiz de Fora (PJF), por meio da Secretaria de Esporte e Lazer (SEL), dar\u00e1 apoio aos atletas e seus professores, oferecendo transporte para viabilizar a participa\u00e7\u00e3o no evento.<\/p>\n<p>Juiz de Fora estar\u00e1 representada em diversas modalidades esportivas. No atletismo, participam estudantes dos m\u00f3dulos I e II, masculino e feminino, das seguintes institui\u00e7\u00f5es: Col\u00e9gio CAVE, Col\u00e9gio Stella Matutina, Escola Estadual Batista de Oliveira, Escola Estadual Governador Juscelino Kubitschek, Escola Municipal Coronel Em\u00edlio Esteves dos Reis, Escola Municipal Henrique Jos\u00e9 de Souza, Escola Municipal Professor Oscar Schmidt, Instituto Federal do Sudeste de Minas Gerais \u2013 Campus Juiz de Fora e Paineira Escola Waldorf.<\/p>\n<p>O basquete tamb\u00e9m ter\u00e1 forte presen\u00e7a da cidade, com o Col\u00e9gio Conex\u00e3o classificado no basquete 3&#215;3 masculino m\u00f3dulo II, no basquetebol masculino m\u00f3dulos I e II e no basquetebol feminino m\u00f3dulo II.<\/p>\n<p>No futsal, o Col\u00e9gio Cristo Redentor Academia disputar\u00e1 no feminino m\u00f3dulo I, enquanto o Col\u00e9gio Santa Catarina representar\u00e1 o munic\u00edpio no masculino m\u00f3dulo I. J\u00e1 o Col\u00e9gio CNX Brasil est\u00e1 classificado no futsal feminino m\u00f3dulo II.<\/p>\n<p>O handebol feminino m\u00f3dulo I ter\u00e1 a participa\u00e7\u00e3o do Col\u00e9gio Apogeu. No v\u00f4lei de praia, Juiz de Fora estar\u00e1 representada no feminino e masculino dos m\u00f3dulos I e II, com atletas do Col\u00e9gio Cristo Redentor Academia. A mesma institui\u00e7\u00e3o tamb\u00e9m garantiu vaga no voleibol feminino m\u00f3dulo II. No voleibol masculino m\u00f3dulo II, quem representar\u00e1 a cidade ser\u00e1 o Col\u00e9gio Conex\u00e3o.<\/p>\n<p>Al\u00e9m disso, a cidade contar\u00e1 com representantes no xadrez, tanto no feminino quanto no masculino, nos m\u00f3dulos I e II, com alunos de diversas escolas que se destacaram na etapa anterior.<\/p>\n","protected":false},"excerpt":{"rendered":"<p>Segundo informa\u00e7\u00f5es do site da Prefeitura de Juiz de Fora (PJF),\u00a0 os col\u00e9gios de Juiz de Fora garantiram vaga na etapa regional dos Jogos Escolares de Minas Gerais (JEMG) 2025. O evento ser\u00e1 realizado na cidade de S\u00e3o Jo\u00e3o del Rei, entre os dias 23 e 28 de junho. Ao todo, 135 estudantes representar\u00e3o o [&hellip;]<\/p>\n","protected":false},"author":246,"featured_media":228949,"comment_status":"closed","ping_status":"closed","sticky":false,"template":"","format":"standard","meta":{"footnotes":""},"categories":[253,436,440,257,439],"tags":[],"class_list":["post-228948","post","type-post","status-publish","format-standard","has-post-thumbnail","hentry","category-cidade","category-destaque-da-semana","category-destaques-do-dia","category-esporte","category-ultima-hora"],"_links":{"self":[{"href":"https:\/\/diarioregionaldigital.com.br\/index.php?rest_route=\/wp\/v2\/posts\/228948","targetHints":{"allow":["GET"]}}],"collection":[{"href":"https:\/\/diarioregionaldigital.com.br\/index.php?rest_route=\/wp\/v2\/posts"}],"about":[{"href":"https:\/\/diarioregionaldigital.com.br\/index.php?rest_route=\/wp\/v2\/types\/post"}],"author":[{"embeddable":true,"href":"https:\/\/diarioregionaldigital.com.br\/index.php?rest_route=\/wp\/v2\/users\/246"}],"replies":[{"embeddable":true,"href":"https:\/\/diarioregionaldigital.com.br\/index.php?rest_route=%2Fwp%2Fv2%2Fcomments&post=228948"}],"version-history":[{"count":1,"href":"https:\/\/diarioregionaldigital.com.br\/index.php?rest_route=\/wp\/v2\/posts\/228948\/revisions"}],"predecessor-version":[{"id":228950,"href":"https:\/\/diarioregionaldigital.com.br\/index.php?rest_route=\/wp\/v2\/posts\/228948\/revisions\/228950"}],"wp:featuredmedia":[{"embeddable":true,"href":"https:\/\/diarioregionaldigital.com.br\/index.php?rest_route=\/wp\/v2\/media\/228949"}],"wp:attachment":[{"href":"https:\/\/diarioregionaldigital.com.br\/index.php?rest_route=%2Fwp%2Fv2%2Fmedia&parent=228948"}],"wp:term":[{"taxonomy":"category","embeddable":true,"href":"https:\/\/diarioregionaldigital.com.br\/index.php?rest_route=%2Fwp%2Fv2%2Fcategories&post=228948"},{"taxonomy":"post_tag","embeddable":true,"href":"https:\/\/diarioregionaldigital.com.br\/index.php?rest_route=%2Fwp%2Fv2%2Ftags&post=228948"}],"curies":[{"name":"wp","href":"https:\/\/api.w.org\/{rel}","templated":true}]}}