{"id":228945,"date":"2025-06-25T10:18:02","date_gmt":"2025-06-25T13:18:02","guid":{"rendered":"https:\/\/diarioregionaldigital.com.br\/?p=228945"},"modified":"2025-06-25T10:18:02","modified_gmt":"2025-06-25T13:18:02","slug":"operacao-mar-de-minas-iv-prende-mais-de-400-pessoas-e-apreende-r-47-milhoes-na-regiao-do-lago-de-furnas","status":"publish","type":"post","link":"https:\/\/diarioregionaldigital.com.br\/?p=228945","title":{"rendered":"Opera\u00e7\u00e3o Mar de Minas IV prende mais de 400 pessoas e apreende R$ 4,7 milh\u00f5es na regi\u00e3o do Lago de Furnas"},"content":{"rendered":"<p><main class=\"clear margin-md-bottom-3\"><\/p>\n<div class=\"clear \">\n<p>A Opera\u00e7\u00e3o Mar de Minas IV, promovida pelo\u00a0<a href=\"https:\/\/www.mg.gov.br\/\" target=\"_blank\" rel=\"noopener\">Governo de Minas<\/a>\u00a0com \u00f3rga\u00f5s federais e institui\u00e7\u00f5es\u00a0parceiras, teve um saldo de 2.376 apreens\u00f5es feitas pela fiscaliza\u00e7\u00e3o tribut\u00e1ria, que somaram R$ 4,7 milh\u00f5es, e prendeu 401 pessoas, sendo 385 em flagrante. O balan\u00e7o foi realizado pela\u00a0<a href=\"https:\/\/www.seguranca.mg.gov.br\/\" target=\"_blank\" rel=\"noopener\">Secretaria de Estado de Justi\u00e7a e Seguran\u00e7a P\u00fablica (Sejusp)<\/a>, nesta ter\u00e7a-feira (24\/6). Os trabalhos come\u00e7aram no dia\u00a019\/5 e se estenderam at\u00e9 o \u00faltimo domingo (22\/6).<\/p>\n<p>Realizada de forma integrada, a opera\u00e7\u00e3o reuniu as for\u00e7as de seguran\u00e7a estaduais, federais e institui\u00e7\u00f5es parceiras, empregando um efetivo de 617 integrantes, 238 viaturas, 11 embarca\u00e7\u00f5es, duas motos aqu\u00e1ticas e um drone. As a\u00e7\u00f5es preventivas, repressivas e de fiscaliza\u00e7\u00e3o ocorreram em diferentes pontos da regi\u00e3o do Lago de Furnas, visando garantir a seguran\u00e7a dos turistas, do com\u00e9rcio e da popula\u00e7\u00e3o local.<\/p>\n<p>Houve abordagens e investiga\u00e7\u00f5es terrestres, mar\u00edtimas e a\u00e9reas. Al\u00e9m dos 401 adultos presos, 28 adolescentes foram apreendidos, sendo 13 em flagrante por ato infracional. Um total de 1.178 inqu\u00e9ritos policiais foram conclu\u00eddos, outros 944 instaurados, 584 dilig\u00eancias realizadas e 319 Termos Circunstanciados de Ocorr\u00eancia (TCOs) lavrados.<\/p>\n<p>A carreta do Centro Integrado de Comando e Controle M\u00f3vel (CICC M\u00f3vel), equipada com tecnologia embarcada e c\u00e2meras de alta precis\u00e3o, serviu como base de apoio para as equipes durante a intensifica\u00e7\u00e3o das a\u00e7\u00f5es da reta final dos trabalhos, no recesso do feriado de Corpus Christi, em Capit\u00f3lio.\u00a0O secret\u00e1rio de Estado de Justi\u00e7a e Seguran\u00e7a P\u00fablica, Rog\u00e9rio Greco, destacou a import\u00e2ncia das a\u00e7\u00f5es e, sobretudo, o sucesso da soma de esfor\u00e7os.<\/p>\n<table border=\"0\" cellspacing=\"1\" cellpadding=\"1\" align=\"center\">\n<tbody>\n<tr>\n<td colspan=\"5\"><img decoding=\"async\" src=\"https:\/\/www.agenciaminas.mg.gov.br\/ckeditor_assets\/pictures\/20949\/content_2_olho_topo.jpg\" alt=\"\" \/><\/td>\n<\/tr>\n<tr>\n<td><\/td>\n<td colspan=\"3\" rowspan=\"3\">\n<h1><strong>&#8220;Todas as for\u00e7as de seguran\u00e7a trabalharam de forma integrada, mostrando que essa uni\u00e3o torna os resultados mais efetivos e abrangentes. Novas edi\u00e7\u00f5es da Opera\u00e7\u00e3o Mar de Minas acontecer\u00e3o, mostrando a for\u00e7a da nossa seguran\u00e7a para o pa\u00eds&#8221;, afirmou Rog\u00e9rio Greco.<\/strong><\/h1>\n<\/td>\n<td><\/td>\n<\/tr>\n<tr>\n<td><\/td>\n<td><\/td>\n<\/tr>\n<tr>\n<td><\/td>\n<td><\/td>\n<\/tr>\n<tr>\n<td colspan=\"5\"><img decoding=\"async\" src=\"https:\/\/www.agenciaminas.mg.gov.br\/ckeditor_assets\/pictures\/20950\/content_2_olho_inferior.jpg\" alt=\"\" \/><\/td>\n<\/tr>\n<\/tbody>\n<\/table>\n<p><strong>Levantamento das a\u00e7\u00f5es em terra<\/strong><\/p>\n<p>\u25ba Mais de 2,7 mil pessoas abordadas;<br \/>\n\u25ba 2.743 ve\u00edculos fiscalizados;<br \/>\n\u25ba 136 testes de baf\u00f4metro realizados, resultando em 142 autos de infra\u00e7\u00e3o aplicados, 26 ve\u00edculos apreendidos, seis condutores inabilitados autuados, al\u00e9m de tr\u00eas autua\u00e7\u00f5es por recusa a se submeter ao teste de baf\u00f4metro e uma por embriaguez;<br \/>\n\u25ba Quase 19 quilos de maconha apreendidos, mais de tr\u00eas quilos de coca\u00edna, 500 gramas de haxixe e 200 gramas de crack;<br \/>\n\u25ba Apreens\u00e3o de 15 armas de fogo, 12 armas brancas, dois simulacros e 173 celulares;<br \/>\n\u25ba Fiscaliza\u00e7\u00e3o agropecu\u00e1ria verificou 311 cargas de animais e 49 cargas de agrot\u00f3xicos, inspecionou 128 ve\u00edculos inspecionados, 31 cargas vegetais conferidas e seis autos de infra\u00e7\u00e3o registrados.<\/p>\n<p><strong>Levantamento das a\u00e7\u00f5es em \u00e1gua<\/strong><\/p>\n<p>\u25ba\u00a0Fiscaliza\u00e7\u00e3o de 467 embarca\u00e7\u00f5es, incluindo 224 abordagens a ve\u00edculos de transporte de passageiros, 140 a embarca\u00e7\u00f5es de esporte e recreio, 33 abordagens a motos aqu\u00e1ticas, 45 a embarca\u00e7\u00f5es flutuantes e 18 abordagens a balsas de travessia;<br \/>\n\u25ba Foram realizados 32 testes de baf\u00f4metro, com 11 condutores inabilitados autuados, nove embarca\u00e7\u00f5es apreendidas e 138 autos de infra\u00e7\u00e3o registrados.<\/p>\n<p><strong>Levantamento das a\u00e7\u00f5es em ar<\/strong><\/p>\n<p>\u25ba\u00a0Oito locais foram alvo de fiscaliza\u00e7\u00e3o da avia\u00e7\u00e3o civil, sendo duas aeronaves fiscalizadas;<br \/>\n\u25ba O\u00a0<a href=\"https:\/\/www.bombeiros.mg.gov.br\/\" target=\"_blank\" rel=\"noopener\">Corpo de Bombeiros Militar de Minas Gerais (CBMMG)<\/a>\u00a0realizou 24 a\u00e7\u00f5es de gest\u00e3o de risco de acidentes;<br \/>\n\u25ba Fiscaliza\u00e7\u00e3o do meio ambiente fez 89 abordagens, que resultaram em 22 autos de infra\u00e7\u00e3o e na suspens\u00e3o ou embargo de sete atividades.<\/p>\n<p>A Sejusp coordenou a opera\u00e7\u00e3o por parte do Estado, que teve atua\u00e7\u00e3o da\u00a0<a href=\"https:\/\/www.policiamilitar.mg.gov.br\/\" target=\"_blank\" rel=\"noopener\">Pol\u00edcia Militar de Minas Gerais (PMMG)<\/a>, da\u00a0<a href=\"https:\/\/www.policiacivil.mg.gov.br\/\" target=\"_blank\" rel=\"noopener\">Pol\u00edcia Civil de Minas Gerais (PCMG)<\/a>, da\u00a0<a href=\"https:\/\/depen.seguranca.mg.gov.br\/\" target=\"_blank\" rel=\"noopener\">Pol\u00edcia Penal de Minas Gerais (PPMG)<\/a>, do Corpo de Bombeiros, da\u00a0<a href=\"https:\/\/meioambiente.mg.gov.br\/\" target=\"_blank\" rel=\"noopener\">Secretaria de Estado de Meio Ambiente e Desenvolvimento Sustent\u00e1vel (Semad)<\/a>\u00a0e do\u00a0<a href=\"https:\/\/www.ima.mg.gov.br\/\" target=\"_blank\" rel=\"noopener\">Instituto Mineiro de Agropecu\u00e1ria (IMA)<\/a>, com parceria da Marinha do Brasil, da Pol\u00edcia Federal (PF), da Receita Federal\u00a0e da Ag\u00eancia Nacional de Avia\u00e7\u00e3o Civil (Anac).<\/p>\n<p>Fonte: Ag\u00eancia Minas<\/p>\n<\/div>\n<p><\/main><\/p>\n","protected":false},"excerpt":{"rendered":"<p>A Opera\u00e7\u00e3o Mar de Minas IV, promovida pelo\u00a0Governo de Minas\u00a0com \u00f3rga\u00f5s federais e institui\u00e7\u00f5es\u00a0parceiras, teve um saldo de 2.376 apreens\u00f5es feitas pela fiscaliza\u00e7\u00e3o tribut\u00e1ria, que somaram R$ 4,7 milh\u00f5es, e prendeu 401 pessoas, sendo 385 em flagrante. O balan\u00e7o foi realizado pela\u00a0Secretaria de Estado de Justi\u00e7a e Seguran\u00e7a P\u00fablica (Sejusp), nesta ter\u00e7a-feira (24\/6). Os trabalhos [&hellip;]<\/p>\n","protected":false},"author":246,"featured_media":228946,"comment_status":"closed","ping_status":"closed","sticky":false,"template":"","format":"standard","meta":{"footnotes":""},"categories":[301,436,439],"tags":[],"class_list":["post-228945","post","type-post","status-publish","format-standard","has-post-thumbnail","hentry","category-artigos-policiais","category-destaque-da-semana","category-ultima-hora"],"_links":{"self":[{"href":"https:\/\/diarioregionaldigital.com.br\/index.php?rest_route=\/wp\/v2\/posts\/228945","targetHints":{"allow":["GET"]}}],"collection":[{"href":"https:\/\/diarioregionaldigital.com.br\/index.php?rest_route=\/wp\/v2\/posts"}],"about":[{"href":"https:\/\/diarioregionaldigital.com.br\/index.php?rest_route=\/wp\/v2\/types\/post"}],"author":[{"embeddable":true,"href":"https:\/\/diarioregionaldigital.com.br\/index.php?rest_route=\/wp\/v2\/users\/246"}],"replies":[{"embeddable":true,"href":"https:\/\/diarioregionaldigital.com.br\/index.php?rest_route=%2Fwp%2Fv2%2Fcomments&post=228945"}],"version-history":[{"count":1,"href":"https:\/\/diarioregionaldigital.com.br\/index.php?rest_route=\/wp\/v2\/posts\/228945\/revisions"}],"predecessor-version":[{"id":228947,"href":"https:\/\/diarioregionaldigital.com.br\/index.php?rest_route=\/wp\/v2\/posts\/228945\/revisions\/228947"}],"wp:featuredmedia":[{"embeddable":true,"href":"https:\/\/diarioregionaldigital.com.br\/index.php?rest_route=\/wp\/v2\/media\/228946"}],"wp:attachment":[{"href":"https:\/\/diarioregionaldigital.com.br\/index.php?rest_route=%2Fwp%2Fv2%2Fmedia&parent=228945"}],"wp:term":[{"taxonomy":"category","embeddable":true,"href":"https:\/\/diarioregionaldigital.com.br\/index.php?rest_route=%2Fwp%2Fv2%2Fcategories&post=228945"},{"taxonomy":"post_tag","embeddable":true,"href":"https:\/\/diarioregionaldigital.com.br\/index.php?rest_route=%2Fwp%2Fv2%2Ftags&post=228945"}],"curies":[{"name":"wp","href":"https:\/\/api.w.org\/{rel}","templated":true}]}}