{"id":228941,"date":"2025-06-25T10:16:52","date_gmt":"2025-06-25T13:16:52","guid":{"rendered":"https:\/\/diarioregionaldigital.com.br\/?p=228941"},"modified":"2025-06-25T10:16:52","modified_gmt":"2025-06-25T13:16:52","slug":"governo-de-minas-promove-cordilheira-do-espinhaco-como-destino-turistico-das-americas","status":"publish","type":"post","link":"https:\/\/diarioregionaldigital.com.br\/?p=228941","title":{"rendered":"Governo de Minas promove Cordilheira do Espinha\u00e7o como destino tur\u00edstico das Am\u00e9ricas"},"content":{"rendered":"<p><main class=\"clear margin-md-bottom-3\"><\/p>\n<div class=\"clear \">\n<p>Minas Gerais apresenta ao Brasil e ao mundo um novo e extraordin\u00e1rio destino tur\u00edstico: a Cordilheira do Espinha\u00e7o. Nesta\u00a0ter\u00e7a-feira (24\/6), no Pal\u00e1cio da Liberdade, o\u00a0<a href=\"https:\/\/www.mg.gov.br\/\" target=\"_blank\" rel=\"noopener\">Governo de Minas<\/a>\u00a0lan\u00e7ou a campanha nacional de promo\u00e7\u00e3o do destino, que ser\u00e1 conduzida pelas secretarias de Estado de\u00a0<a href=\"https:\/\/www.secult.mg.gov.br\/\" target=\"_blank\" rel=\"noopener\">Cultura e Turismo (Secult)<\/a>\u00a0e de\u00a0<a href=\"https:\/\/www.mg.gov.br\/instituicao_unidade\/secretaria-de-estado-de-comunicacao-social-secom\" target=\"_blank\" rel=\"noopener\">Comunica\u00e7\u00e3o Social (Secom)<\/a>, em parceria com os 172 munic\u00edpios da Cordilheira e as 22 Inst\u00e2ncias de Governan\u00e7a Regionais (IGRs).<\/p>\n<p>A iniciativa celebra tamb\u00e9m os 20 anos do reconhecimento da regi\u00e3o como Reserva da Biosfera da Organiza\u00e7\u00e3o das Na\u00e7\u00f5es Unidas para a Educa\u00e7\u00e3o Ci\u00eancia e Cultura (Unesco). \u00danica cordilheira do pa\u00eds, o territ\u00f3rio onde nasceu o barroco mineiro e que abriga um dos maiores patrim\u00f4nios naturais e culturais das Am\u00e9ricas passa agora a ser promovido como um dos grandes \u00edcones do turismo de experi\u00eancia e sustentabilidade internacional.<\/p>\n<table border=\"0\" cellspacing=\"1\" cellpadding=\"1\" align=\"center\">\n<tbody>\n<tr>\n<td colspan=\"5\"><img decoding=\"async\" src=\"https:\/\/www.agenciaminas.mg.gov.br\/ckeditor_assets\/pictures\/20949\/content_2_olho_topo.jpg\" alt=\"\" \/><\/td>\n<\/tr>\n<tr>\n<td><\/td>\n<td colspan=\"3\" rowspan=\"3\">\n<h1><strong>&#8220;A Cordilheira do Espinha\u00e7o \u00e9 um territ\u00f3rio onde nascem o barroco, a arquitetura, a arte alimentar e um dos maiores patrim\u00f4nios naturais do Brasil, \u00e9 um elo de liga\u00e7\u00e3o entre os territ\u00f3rios de Minas, das serras do Centro-sul aos sert\u00f5es do Norte. \u00c9 tamb\u00e9m um espa\u00e7o de cria\u00e7\u00e3o contempor\u00e2nea, onde tradi\u00e7\u00e3o e inova\u00e7\u00e3o se encontram&#8221;, afirmou o secret\u00e1rio de Estado de Cultura e Turismo, Le\u00f4nidas de Oliveira.<\/strong><\/h1>\n<\/td>\n<td><\/td>\n<\/tr>\n<tr>\n<td><\/td>\n<td><\/td>\n<\/tr>\n<tr>\n<td><\/td>\n<td><\/td>\n<\/tr>\n<tr>\n<td colspan=\"5\"><img decoding=\"async\" src=\"https:\/\/www.agenciaminas.mg.gov.br\/ckeditor_assets\/pictures\/20950\/content_2_olho_inferior.jpg\" alt=\"\" \/><\/td>\n<\/tr>\n<\/tbody>\n<\/table>\n<p><b>Nova marca<\/b><\/p>\n<p>Durante o evento, secret\u00e1ria adjunta de Comunica\u00e7\u00e3o Social de Minas Gerais, B\u00e1rbara Botega, apresentou a nova marca que promover\u00e1 amplamente o destino tur\u00edstico Cordilheira do Espinha\u00e7o. A identidade visual ser\u00e1 de uso livre e foi elaborada para traduzir a diversidade dos territ\u00f3rios que abrange essa regi\u00e3o.<\/p>\n<figure class=\"image\"><img decoding=\"async\" src=\"https:\/\/www.agenciaminas.mg.gov.br\/ckeditor_assets\/pictures\/23096\/content_img_8217_leobicalho_010100.jpg\" alt=\"\" \/><figcaption><em><sub>Secret\u00e1rio Le\u00f4nidas de Oliveira (Leo Bicalho \/ Secult)<\/sub><\/em><\/figcaption><\/figure>\n<p>&#8220;Essa marca foi feita para todos e foi feita para durar. Apesar de ter sido promovida e constru\u00edda pelo Governo do Estado, ela \u00e9 uma marca que foi pensada para n\u00e3o ficar vinculada a um mandato, mas que tenha perenidade e atravesse gera\u00e7\u00f5es por sua import\u00e2ncia. Esse \u00e9 um projeto estrutural para o turismo de Minas Gerais&#8221;, refor\u00e7ou Botega.<\/p>\n<p>Al\u00e9m da marca, a\u00e7\u00f5es em feiras de turismo, campanha com foco na comunica\u00e7\u00e3o digital e press trips est\u00e3o entre as a\u00e7\u00f5es de promo\u00e7\u00e3o do destino Cordilheira do Espinha\u00e7o.<\/p>\n<p>&#8220;Vejo este como um dos momentos mais importantes do turismo em Minas Gerais. E eu tenho certeza que, com a uni\u00e3o dos prefeitos e prefeitas, com essa conex\u00e3o com o Governo do Estado, de todo o trade tur\u00edstico e da imprensa, toda essa uni\u00e3o \u00e9 que vai de fato transformar a Cordilheira do Espinha\u00e7o em uma das principais rotas tur\u00edsticas do Brasil&#8221;, ressaltou o prefeito de Concei\u00e7\u00e3o do Mato Dentro, Otac\u00edlio Neto.<\/p>\n<p><b>Protocolo de inten\u00e7\u00f5es<\/b><\/p>\n<p>Na ocasi\u00e3o, os munic\u00edpios Botumirim, Bocai\u00fava, Crist\u00e1lia, Gr\u00e3o Mogol, Itacambira e Turmalina tamb\u00e9m assinaram um protocolo de inten\u00e7\u00f5es para forma\u00e7\u00e3o de cons\u00f3rcio intermunicipal com o objetivo de realizar o desenvolvimento tur\u00edstico da Cordilheira do Espinha\u00e7o de forma integrada nos munic\u00edpios consorciados.<\/p>\n<p><b>\u00danica no Brasil<\/b><\/p>\n<p>Com 1,2 mil\u00a0quil\u00f4metros de extens\u00e3o, a Cordilheira do Espinha\u00e7o percorre Minas Gerais de Sul a Norte, atravessando 172 munic\u00edpios e integrando territ\u00f3rios diversos, das serras centrais aos sert\u00f5es do norte, dos antigos caminhos do ouro aos caminhos de ocupa\u00e7\u00e3o do sert\u00e3o mineiro, como Gr\u00e3o Mogol.<\/p>\n<p>Nela nasceram o barroco mineiro e as vilas do ouro e dos diamantes, um dos maiores legados hist\u00f3ricos e art\u00edsticos das Am\u00e9ricas. A Cordilheira tamb\u00e9m abrange uma das maiores reservas naturais e culturais do Brasil: centenas de s\u00edtios arqueol\u00f3gicos e arte rupestre, tr\u00eas biomas (Mata Atl\u00e2ntica, Cerrado e Caatinga), rios formadores de grandes bacias e milhares de cachoeiras.<\/p>\n<p>Al\u00e9m disso, destacam-se cinco Patrim\u00f4nios Culturais da Humanidade: Ouro Preto, Diamantina, o Conjunto Arquitet\u00f4nica da Pampulha e Congonhas (Santu\u00e1rio do Bom Jesus de Matosinhos) e o Queijo Minas Artesanal, reconhecido como Patrim\u00f4nio Cultural Imaterial da Humanidade pela Unesco em 2024.<\/p>\n<p>Fonte: Ag\u00eancia Minas<\/p>\n<\/div>\n<p><\/main><\/p>\n","protected":false},"excerpt":{"rendered":"<p>Minas Gerais apresenta ao Brasil e ao mundo um novo e extraordin\u00e1rio destino tur\u00edstico: a Cordilheira do Espinha\u00e7o. Nesta\u00a0ter\u00e7a-feira (24\/6), no Pal\u00e1cio da Liberdade, o\u00a0Governo de Minas\u00a0lan\u00e7ou a campanha nacional de promo\u00e7\u00e3o do destino, que ser\u00e1 conduzida pelas secretarias de Estado de\u00a0Cultura e Turismo (Secult)\u00a0e de\u00a0Comunica\u00e7\u00e3o Social (Secom), em parceria com os 172 munic\u00edpios da [&hellip;]<\/p>\n","protected":false},"author":246,"featured_media":228942,"comment_status":"closed","ping_status":"closed","sticky":false,"template":"","format":"standard","meta":{"footnotes":""},"categories":[436,440,261,254,439],"tags":[],"class_list":["post-228941","post","type-post","status-publish","format-standard","has-post-thumbnail","hentry","category-destaque-da-semana","category-destaques-do-dia","category-economia","category-politica","category-ultima-hora"],"_links":{"self":[{"href":"https:\/\/diarioregionaldigital.com.br\/index.php?rest_route=\/wp\/v2\/posts\/228941","targetHints":{"allow":["GET"]}}],"collection":[{"href":"https:\/\/diarioregionaldigital.com.br\/index.php?rest_route=\/wp\/v2\/posts"}],"about":[{"href":"https:\/\/diarioregionaldigital.com.br\/index.php?rest_route=\/wp\/v2\/types\/post"}],"author":[{"embeddable":true,"href":"https:\/\/diarioregionaldigital.com.br\/index.php?rest_route=\/wp\/v2\/users\/246"}],"replies":[{"embeddable":true,"href":"https:\/\/diarioregionaldigital.com.br\/index.php?rest_route=%2Fwp%2Fv2%2Fcomments&post=228941"}],"version-history":[{"count":2,"href":"https:\/\/diarioregionaldigital.com.br\/index.php?rest_route=\/wp\/v2\/posts\/228941\/revisions"}],"predecessor-version":[{"id":228944,"href":"https:\/\/diarioregionaldigital.com.br\/index.php?rest_route=\/wp\/v2\/posts\/228941\/revisions\/228944"}],"wp:featuredmedia":[{"embeddable":true,"href":"https:\/\/diarioregionaldigital.com.br\/index.php?rest_route=\/wp\/v2\/media\/228942"}],"wp:attachment":[{"href":"https:\/\/diarioregionaldigital.com.br\/index.php?rest_route=%2Fwp%2Fv2%2Fmedia&parent=228941"}],"wp:term":[{"taxonomy":"category","embeddable":true,"href":"https:\/\/diarioregionaldigital.com.br\/index.php?rest_route=%2Fwp%2Fv2%2Fcategories&post=228941"},{"taxonomy":"post_tag","embeddable":true,"href":"https:\/\/diarioregionaldigital.com.br\/index.php?rest_route=%2Fwp%2Fv2%2Ftags&post=228941"}],"curies":[{"name":"wp","href":"https:\/\/api.w.org\/{rel}","templated":true}]}}