{"id":228935,"date":"2025-06-23T19:30:18","date_gmt":"2025-06-23T22:30:18","guid":{"rendered":"https:\/\/diarioregionaldigital.com.br\/?p=228935"},"modified":"2025-06-23T19:30:18","modified_gmt":"2025-06-23T22:30:18","slug":"prefeitura-protocola-pl-que-institui-tarifa-zero-no-transporte-coletivo-urbano-de-jf","status":"publish","type":"post","link":"https:\/\/diarioregionaldigital.com.br\/?p=228935","title":{"rendered":"Prefeitura protocola PL que institui Tarifa Zero no transporte coletivo urbano de JF"},"content":{"rendered":"<p>Segundo informa\u00e7\u00f5es do site da Prefeitura de Juiz de Fora (PJF), a PJF <span style=\"color: #333333; font-size: 16px;\">envia\u00a0 \u00e0 C\u00e2mara Municipal, nesta segunda-feira (23), o<\/span><a style=\"font-size: 16px;\" href=\"https:\/\/www.pjf.mg.gov.br\/noticias\/anexo\/4692-InstituioProgramaTarifaZeronoSistemadeTr.pdf\"> Projeto de Lei que institui a Tarifa Zero no transporte coletivo urbano da cidade.<\/a><span style=\"color: #333333; font-size: 16px;\"> Caso seja aprovado, o munic\u00edpio se tornar\u00e1 a primeira cidade brasileira com mais de 500 mil habitantes a oferecer gratuidade integral para todas as pessoas f\u00edsicas usu\u00e1rias do sistema de \u00f4nibus.<\/span><\/p>\n<div id=\"box_texto_noticia\">\n<div>\nA proposta amplia iniciativas j\u00e1 em vigor na cidade, como o Passe Livre Estudantil e o programa Doming\u00e3o do Bus\u00e3o. A nova etapa estende o benef\u00edcio a todos os dias e para toda a popula\u00e7\u00e3o.<\/div>\n<div>\u201cEstamos mudando a l\u00f3gica da mobilidade urbana com coragem e responsabilidade. A Tarifa Zero \u00e9 um avan\u00e7o civilizat\u00f3rio, que integra a cidade, melhora a vida das pessoas e fortalece a economia local\u201d, afirma a prefeita Margarida Salom\u00e3o.\n<\/div>\n<div>A tarifa zero ser\u00e1 custeada pelo fundo municipal de transporte. Parte dos recursos tem origem a partir do pagamento da tarifa t\u00e9cnica mensal, a ser realizado por pessoas jur\u00eddicas que empregam dez ou mais trabalhadores, dos setores p\u00fablico e privado, na propor\u00e7\u00e3o de pessoas contratadas, em moldes semelhantes ao vale transporte j\u00e1 praticado hoje. Pequenos neg\u00f3cios, com at\u00e9 dez empregados, estar\u00e3o isentos da contribui\u00e7\u00e3o.<\/div>\n<div>\n<strong>Benef\u00edcios sociais: mais acesso \u00e0 cidade, mais qualidade de vida<\/strong><\/div>\n<div>\nA gratuidade total amplia de forma significativa o acesso de popula\u00e7\u00f5es mais vulner\u00e1veis \u00e0 cidade, especialmente nos bairros perif\u00e9ricos, permitindo deslocamentos para estudo, sa\u00fade, trabalho e lazer sem que o custo da passagem seja uma barreira. Experi\u00eancias semelhantes no Brasil e no exterior apontam um aumento m\u00e9dio de 30% na demanda pelo transporte p\u00fablico ap\u00f3s a ado\u00e7\u00e3o da Tarifa Zero.<\/div>\n<div>\nAl\u00e9m disso, o valor economizado no or\u00e7amento dom\u00e9stico \u00e9 reabsorvido em forma de consumo b\u00e1sico, o que eleva o bem-estar geral e contribui para reduzir desigualdades. A medida representa, portanto, uma transfer\u00eancia indireta de renda com impactos concretos na qualidade de vida da popula\u00e7\u00e3o de menor renda.<\/div>\n<div>\n<strong>Benef\u00edcios econ\u00f4micos: est\u00edmulo ao consumo, ao emprego e ao crescimento local<\/strong><\/div>\n<div>\nSimula\u00e7\u00f5es econ\u00f4micas produzidas por professores e economistas da UFJF\u00a0 indicam que a Tarifa Zero pode elevar em quase 30% o consumo das fam\u00edlias juiz-foranas at\u00e9 2040. Isso se traduz em maior dinamismo do com\u00e9rcio local, aumento da demanda por servi\u00e7os e impulso aos investimentos das empresas \u2014 estimados em crescimento de 28,6% no mesmo per\u00edodo.<\/div>\n<div>\nO efeito multiplicador da pol\u00edtica impacta positivamente diversos setores econ\u00f4micos: servi\u00e7os de alimenta\u00e7\u00e3o, sa\u00fade, educa\u00e7\u00e3o, cultura, constru\u00e7\u00e3o civil e com\u00e9rcio s\u00e3o alguns dos mais beneficiados. Estima-se que o emprego cres\u00e7a 9,1% at\u00e9 2040. O resultado agregado \u00e9 um acr\u00e9scimo de R$ 1,7 bilh\u00e3o \u00e0 economia da cidade, acima do custo do fundo que financia o sistema.<\/div>\n<div><\/div>\n<p>Al\u00e9m disso, a rela\u00e7\u00e3o entre o fundo da Tarifa Zero e o PIB municipal tende a cair ao longo do tempo, tornando a pol\u00edtica cada vez mais eficiente em termos econ\u00f4micos \u2013 ou seja, percentualmente mais barata para os cofres p\u00fablicos e para os financiadores do fundo.<\/p>\n<p><strong>Benef\u00edcios ambientais: menos polui\u00e7\u00e3o, mais efici\u00eancia urbana<\/strong><\/p>\n<p>A gratuidade no transporte coletivo cria um incentivo material para que a popula\u00e7\u00e3o troque o carro pelo \u00f4nibus, o que contribui para diminuir congestionamentos e emiss\u00f5es de gases de efeito estufa. No Brasil, 47% do CO\u2082 \u00e9 emitido por ve\u00edculos de carga e de passageiros.<\/p>\n<p>A medida tamb\u00e9m favorece a transi\u00e7\u00e3o energ\u00e9tica, ao fortalecer a demanda por uma frota de \u00f4nibus mais limpa \u2014 como os el\u00e9tricos ou movidos a g\u00e1s metano, que o pr\u00f3prio munic\u00edpio se prepara para utilizar. Outro impacto positivo \u00e9 a redu\u00e7\u00e3o da polui\u00e7\u00e3o sonora, especialmente em regi\u00f5es de grande circula\u00e7\u00e3o.<\/p>\n<p>Com esse projeto, Juiz de Fora avan\u00e7a em uma agenda p\u00fablica que articula inclus\u00e3o social, crescimento econ\u00f4mico e sustentabilidade ambiental, ao colocar o transporte coletivo no centro das estrat\u00e9gias de desenvolvimento urbano.<\/p>\n<\/div>\n<p>&nbsp;<\/p>\n<div class=\"texto_anexo\"><img loading=\"lazy\" decoding=\"async\" src=\"https:\/\/www.pjf.mg.gov.br\/imagens\/clips.jpg\" width=\"22\" height=\"20\" \/> <a href=\"https:\/\/www.pjf.mg.gov.br\/noticias\/anexo\/4692-InstituioProgramaTarifaZeronoSistemadeTr.pdf\" target=\"_blank\" rel=\"noopener\">Veja o anexo<\/a><\/div>\n","protected":false},"excerpt":{"rendered":"<p>Segundo informa\u00e7\u00f5es do site da Prefeitura de Juiz de Fora (PJF), a PJF envia\u00a0 \u00e0 C\u00e2mara Municipal, nesta segunda-feira (23), o Projeto de Lei que institui a Tarifa Zero no transporte coletivo urbano da cidade. Caso seja aprovado, o munic\u00edpio se tornar\u00e1 a primeira cidade brasileira com mais de 500 mil habitantes a oferecer gratuidade [&hellip;]<\/p>\n","protected":false},"author":246,"featured_media":228936,"comment_status":"closed","ping_status":"closed","sticky":false,"template":"","format":"standard","meta":{"footnotes":""},"categories":[253,436,440,439],"tags":[],"class_list":["post-228935","post","type-post","status-publish","format-standard","has-post-thumbnail","hentry","category-cidade","category-destaque-da-semana","category-destaques-do-dia","category-ultima-hora"],"_links":{"self":[{"href":"https:\/\/diarioregionaldigital.com.br\/index.php?rest_route=\/wp\/v2\/posts\/228935","targetHints":{"allow":["GET"]}}],"collection":[{"href":"https:\/\/diarioregionaldigital.com.br\/index.php?rest_route=\/wp\/v2\/posts"}],"about":[{"href":"https:\/\/diarioregionaldigital.com.br\/index.php?rest_route=\/wp\/v2\/types\/post"}],"author":[{"embeddable":true,"href":"https:\/\/diarioregionaldigital.com.br\/index.php?rest_route=\/wp\/v2\/users\/246"}],"replies":[{"embeddable":true,"href":"https:\/\/diarioregionaldigital.com.br\/index.php?rest_route=%2Fwp%2Fv2%2Fcomments&post=228935"}],"version-history":[{"count":1,"href":"https:\/\/diarioregionaldigital.com.br\/index.php?rest_route=\/wp\/v2\/posts\/228935\/revisions"}],"predecessor-version":[{"id":228937,"href":"https:\/\/diarioregionaldigital.com.br\/index.php?rest_route=\/wp\/v2\/posts\/228935\/revisions\/228937"}],"wp:featuredmedia":[{"embeddable":true,"href":"https:\/\/diarioregionaldigital.com.br\/index.php?rest_route=\/wp\/v2\/media\/228936"}],"wp:attachment":[{"href":"https:\/\/diarioregionaldigital.com.br\/index.php?rest_route=%2Fwp%2Fv2%2Fmedia&parent=228935"}],"wp:term":[{"taxonomy":"category","embeddable":true,"href":"https:\/\/diarioregionaldigital.com.br\/index.php?rest_route=%2Fwp%2Fv2%2Fcategories&post=228935"},{"taxonomy":"post_tag","embeddable":true,"href":"https:\/\/diarioregionaldigital.com.br\/index.php?rest_route=%2Fwp%2Fv2%2Ftags&post=228935"}],"curies":[{"name":"wp","href":"https:\/\/api.w.org\/{rel}","templated":true}]}}