{"id":228929,"date":"2025-06-23T19:23:59","date_gmt":"2025-06-23T22:23:59","guid":{"rendered":"https:\/\/diarioregionaldigital.com.br\/?p=228929"},"modified":"2025-06-23T19:23:59","modified_gmt":"2025-06-23T22:23:59","slug":"minas-gerais-se-consolida-como-polo-de-investimentos-e-sustentabilidade-em-evento-brasil-japao","status":"publish","type":"post","link":"https:\/\/diarioregionaldigital.com.br\/?p=228929","title":{"rendered":"Minas Gerais se consolida como polo de investimentos e sustentabilidade em evento Brasil-Jap\u00e3o"},"content":{"rendered":"<p>Em um cen\u00e1rio de mudan\u00e7as nas condi\u00e7\u00f5es econ\u00f4micas internacionais e crescente demanda por recursos agr\u00edcolas e minerais, Minas Gerais se destaca como destino proeminente para investimentos. Esse foi o tema da apresenta\u00e7\u00e3o feita pela comitiva do <a href=\"https:\/\/www.mg.gov.br\/\" target=\"_blank\" rel=\"noopener\">Governo do Estado<\/a>, liderada pelo governador Romeu Zema, nesta segunda-feira (23\/6), a representantes de v\u00e1rias empresas do Jap\u00e3o.<\/p>\n<p>A mesa redonda foi realizada em T\u00f3quio, na sede da Organiza\u00e7\u00e3o Japonesa para Metais e Seguran\u00e7a Energ\u00e9tica (Jogmec), que tamb\u00e9m foi respons\u00e1vel pela organiza\u00e7\u00e3o do encontro.<\/p>\n<p>O presidente da ag\u00eancia, Michio Daito, ressaltou o potencial e as melhorias significativas que ocorreram em Minas Gerais nos \u00faltimos anos. Diretores de empresas como Sumitomo Corporation, Sojitz Corporation, JFE Steel Corporation, JX Advanced Metals Corporation e ITOCHU Corporation confirmaram e destacaram seus investimentos e parcerias com o estado.<\/p>\n<p>O governador de Minas Gerais apresentou um balan\u00e7o da atual gest\u00e3o, ressaltando a atra\u00e7\u00e3o de investimentos e gera\u00e7\u00e3o de empregos, que se aproxima de 1 milh\u00e3o.<\/p>\n<p>&#8220;Nosso grande foco tem sido n\u00e3o criar mais burocracias e, dentro do poss\u00edvel, simplificar a vida de quem empreende em Minas Gerais&#8221;, disse\u00a0Romeu Zema, ao lembrar da atra\u00e7\u00e3o de mais de R$ 490 milh\u00f5es em investimentos privados em seis anos e meio.<\/p>\n<p>&#8220;Este valor faz impacto em qualquer pa\u00eds do mundo, imagine em um estado com 21 milh\u00f5es de habitantes. Isso tem muito a ver com essa nossa posi\u00e7\u00e3o de darmos todo apoio a quem investe, a quem gera empregos no estado&#8221;, destacou o governador.<\/p>\n<p>A secret\u00e1ria de Estado de <a href=\"https:\/\/desenvolvimento.mg.gov.br\/\" target=\"_blank\" rel=\"noopener\">Desenvolvimento Econ\u00f4mico (Sede-MG)<\/a>, Mila Corr\u00eaa da Costa, destacou que Minas Gerais se firmou como o destino mais promissor de investimentos no Brasil. Ela tamb\u00e9m abordou o programa Minas Livre para Crescer, que\u00a0 tem impulsionado a liberdade econ\u00f4mica no estado com a ades\u00e3o de 560\u00a0dos 853 munic\u00edpios, resultando na dispensa de alvar\u00e1 para mais de 900 atividades econ\u00f4micas. &#8220;Essa iniciativa simplifica o ambiente de neg\u00f3cios e atrai novos empreendimentos&#8221;, ressaltou.<\/p>\n<p>O governador refor\u00e7ou que a localiza\u00e7\u00e3o geogr\u00e1fica estrat\u00e9gica de Minas Gerais oferece acesso privilegiado aos principais mercados. &#8220;Soma-se a isso o maior programa de capacita\u00e7\u00e3o t\u00e9cnica profissional do Brasil, o <a href=\"https:\/\/www.trilhasdefuturo.mg.gov.br\/\" target=\"_blank\" rel=\"noopener\">Trilhas de Futuro<\/a>, que atende 140 mil estudantes&#8221;, destacou Romeu Zema.<\/p>\n<p><strong>Energia sustent\u00e1vel<\/strong><\/p>\n<p>Um dos grandes diferenciais de Minas Gerais \u00e9 sua matriz energ\u00e9tica. Neste ano, o estado alcan\u00e7ou a marca de 12 gigawatts (GW) de pot\u00eancia fiscalizada em energia solar. Desde 2019, a Sede-MG coordena o Sol de Minas, programa que estabelece pol\u00edticas p\u00fablicas para estimular o empreendedorismo e a atra\u00e7\u00e3o de investimentos no setor. A partir do in\u00edcio do projeto, o estado saltou de 0,94 GW para 12 GW.<\/p>\n<p>Minas Gerais tamb\u00e9m foi o primeiro estado da Am\u00e9rica Latina a aderir ao programa Race to Zero, do Reino Unido, refor\u00e7ando o\u00a0compromisso com a descarboniza\u00e7\u00e3o e a sustentabilidade.\u00a0Na reuni\u00e3o, a comitiva ainda posicionou o estado como &#8220;plataforma do futuro&#8221;\u00a0para os minerais da transi\u00e7\u00e3o energ\u00e9tica, entre eles o l\u00edtio, elementos de terras raras, grafite, ni\u00f3bio, entre outros.<\/p>\n<p>Tamb\u00e9m no encontro, a secret\u00e1ria de Estado de <a href=\"https:\/\/meioambiente.mg.gov.br\/\" target=\"_blank\" rel=\"noopener\">Meio Ambiente (Semad)<\/a>, Mar\u00edlia Melo, ressaltou a significativa redu\u00e7\u00e3o nos prazos de licenciamento ambiental, que hoje chegam a apenas um ano.<\/p>\n<p><strong>Parceria Brasil e Jap\u00e3o<\/strong><\/p>\n<p>A Jogmec \u00e9 uma entidade p\u00fablica japonesa criada em 2004 para garantir o fornecimento seguro de recursos naturais ao Jap\u00e3o. Suas principais fun\u00e7\u00f5es incluem apoio \u00e0 explora\u00e7\u00e3o e desenvolvimento de petr\u00f3leo, g\u00e1s natural e metais, pesquisa tecnol\u00f3gica, gest\u00e3o de reservas estrat\u00e9gicas e financiamento a projetos no exterior.<\/p>\n<p>No Brasil, a entidade atua em parceria com empresas e institui\u00e7\u00f5es em \u00e1reas como explora\u00e7\u00e3o de petr\u00f3leo e g\u00e1s offshore, projetos de minera\u00e7\u00e3o (como n\u00edquel e cobre), financiamento de investimentos, transfer\u00eancia de tecnologia e parcerias estrat\u00e9gicas, visando \u00e0 efici\u00eancia, sustentabilidade e fortalecimento das rela\u00e7\u00f5es econ\u00f4micas entre os dois pa\u00edses.<\/p>\n<p>Com rela\u00e7\u00e3o a Minas Gerais, h\u00e1 um Memorando de Entendimento (MoU) em vigor, assinado em novembro do ano passado, que tem como objetivo justamente facilitar este interc\u00e2mbio entre eventuais investidores e o Governo do Estado, ao abrir novas frentes de colabora\u00e7\u00e3o em \u00e1reas estrat\u00e9gicas para ambos os pa\u00edses.<\/p>\n<p>Esse interc\u00e2mbio busca n\u00e3o s\u00f3 incentivar a presen\u00e7a de investidores japoneses no estado, mas tamb\u00e9m contribuir para o desenvolvimento de tecnologias para baterias e semicondutores, setores em que a demanda por minerais cr\u00edticos tem crescido rapidamente.<\/p>\n<p>Fonte: Ag\u00eancia Minas<\/p>\n<p>&nbsp;<\/p>\n","protected":false},"excerpt":{"rendered":"<p>Em um cen\u00e1rio de mudan\u00e7as nas condi\u00e7\u00f5es econ\u00f4micas internacionais e crescente demanda por recursos agr\u00edcolas e minerais, Minas Gerais se destaca como destino proeminente para investimentos. Esse foi o tema da apresenta\u00e7\u00e3o feita pela comitiva do Governo do Estado, liderada pelo governador Romeu Zema, nesta segunda-feira (23\/6), a representantes de v\u00e1rias empresas do Jap\u00e3o. A [&hellip;]<\/p>\n","protected":false},"author":246,"featured_media":228930,"comment_status":"closed","ping_status":"closed","sticky":false,"template":"","format":"standard","meta":{"footnotes":""},"categories":[436,440,261,254,439],"tags":[],"class_list":["post-228929","post","type-post","status-publish","format-standard","has-post-thumbnail","hentry","category-destaque-da-semana","category-destaques-do-dia","category-economia","category-politica","category-ultima-hora"],"_links":{"self":[{"href":"https:\/\/diarioregionaldigital.com.br\/index.php?rest_route=\/wp\/v2\/posts\/228929","targetHints":{"allow":["GET"]}}],"collection":[{"href":"https:\/\/diarioregionaldigital.com.br\/index.php?rest_route=\/wp\/v2\/posts"}],"about":[{"href":"https:\/\/diarioregionaldigital.com.br\/index.php?rest_route=\/wp\/v2\/types\/post"}],"author":[{"embeddable":true,"href":"https:\/\/diarioregionaldigital.com.br\/index.php?rest_route=\/wp\/v2\/users\/246"}],"replies":[{"embeddable":true,"href":"https:\/\/diarioregionaldigital.com.br\/index.php?rest_route=%2Fwp%2Fv2%2Fcomments&post=228929"}],"version-history":[{"count":1,"href":"https:\/\/diarioregionaldigital.com.br\/index.php?rest_route=\/wp\/v2\/posts\/228929\/revisions"}],"predecessor-version":[{"id":228931,"href":"https:\/\/diarioregionaldigital.com.br\/index.php?rest_route=\/wp\/v2\/posts\/228929\/revisions\/228931"}],"wp:featuredmedia":[{"embeddable":true,"href":"https:\/\/diarioregionaldigital.com.br\/index.php?rest_route=\/wp\/v2\/media\/228930"}],"wp:attachment":[{"href":"https:\/\/diarioregionaldigital.com.br\/index.php?rest_route=%2Fwp%2Fv2%2Fmedia&parent=228929"}],"wp:term":[{"taxonomy":"category","embeddable":true,"href":"https:\/\/diarioregionaldigital.com.br\/index.php?rest_route=%2Fwp%2Fv2%2Fcategories&post=228929"},{"taxonomy":"post_tag","embeddable":true,"href":"https:\/\/diarioregionaldigital.com.br\/index.php?rest_route=%2Fwp%2Fv2%2Ftags&post=228929"}],"curies":[{"name":"wp","href":"https:\/\/api.w.org\/{rel}","templated":true}]}}