{"id":228921,"date":"2025-06-20T20:03:47","date_gmt":"2025-06-20T23:03:47","guid":{"rendered":"https:\/\/diarioregionaldigital.com.br\/?p=228921"},"modified":"2025-06-20T20:03:47","modified_gmt":"2025-06-20T23:03:47","slug":"a-singularidade-cosmica-da-terra-revela-o-projeto-da-vida","status":"publish","type":"post","link":"https:\/\/diarioregionaldigital.com.br\/?p=228921","title":{"rendered":"A singularidade c\u00f3smica da Terra revela o projeto da vida"},"content":{"rendered":"<p class=\"s3\">\n<p class=\"s4\">A \u201cconstante c\u00f3smica\u201d da Terra \u00e9 caracterizada como um exemplo do chamado princ\u00edpio antr\u00f3pico, segundo o qual constata-se que os par\u00e2metros do universo est\u00e3o finamente ajustados para permitir o surgimento da vida. Segundo um imenso conjunto de pesquisas publicadas, pequenas varia\u00e7\u00f5es em constantes universais como a gravidade ou a intensidade das for\u00e7as nucleares impossibilitariam a exist\u00eancia de estrelas est\u00e1veis e, por consequ\u00eancia, um planeta habit\u00e1vel como o nosso.<\/p>\n<p class=\"s4\">A localiza\u00e7\u00e3o da Terra em um bra\u00e7o espiral secund\u00e1rio da gal\u00e1xia, afastada do n\u00facleo e das regi\u00f5es de maior densidade estelar, proporciona relativa estabilidade gravitacional e protege o planeta de radia\u00e7\u00f5es letais e supernovas catastr\u00f3ficas. Estudos astron\u00f4micos destacam regi\u00f5es pr\u00f3ximas ao n\u00facleo gal\u00e1ctico como altamente hostis \u00e0 vida devido \u00e0 incid\u00eancia intensificada de raios c\u00f3smicos e explos\u00f5es estelares.<\/p>\n<p class=\"s4\">O Sol apresenta uma estabilidade incomum quando comparado a outras estrelas, pois sua emiss\u00e3o energ\u00e9tica varia menos de 0,1% ao longo de d\u00e9cadas, o que mant\u00e9m o clima da Terra dentro de uma faixa favor\u00e1vel \u00e0 vida. Se fosse uma estrela inst\u00e1vel seria imposs\u00edvel \u00a0a exist\u00eancia de vida no nosso sistema.<\/p>\n<p class=\"s4\">A \u00f3rbita da Terra localiza-se exatamente na chamada \u201czona habit\u00e1vel\u201d, faixa cujo raio permite, por exemplo, temperaturas amenas e a exist\u00eancia de \u00e1gua l\u00edquida. Se estiv\u00e9ssemos em outra posi\u00e7\u00e3o, a temperatura poderia ser insuportavelmente alta ou baixa; se estiv\u00e9ssemos mais pr\u00f3ximos do Sol, a \u00e1gua evaporaria, mais distantes, congelaria.<\/p>\n<p class=\"s5\">A rota\u00e7\u00e3o terrestre regula ciclos de dia e noite essenciais para os ritmos de vida de plantas, animais e seres humanos. Altera\u00e7\u00f5es nesses ciclos poderiam causar disfun\u00e7\u00f5es metab\u00f3licas e impactos severos \u00e0 biodiversidade.<\/p>\n<p class=\"s4\">A massa e posi\u00e7\u00e3o de J\u00fapiter fazem dele um \u201cescudo gravitacional\u201d, desviando e capturando grande parte dos asteroides e cometas que de outra forma atingiriam a Terra. Modelos computacionais apontam que, sem J\u00fapiter, haveria grandes e devastadores impactos na Terra.<\/p>\n<p class=\"s4\">A atmosfera terrestre mant\u00e9m propor\u00e7\u00f5es ideais de nitrog\u00eanio, oxig\u00eanio e outros gases. O oxig\u00eanio, em torno de 21%, \u00e9 crucial: acima disso, aumentariam riscos de combust\u00e3o espont\u00e2nea; abaixo, dificultaria a respira\u00e7\u00e3o aer\u00f3bica. Esses n\u00edveis s\u00e3o sustentados pelo ciclo do carbono e pelos oceanos, que s\u00e3o outros dois fatores cruciais.<\/p>\n<p class=\"s4\">No caso do movimento dos oceanos, \u00e9 fundamental compreender o papel do nosso sat\u00e9lite natural. A Lua estabiliza o eixo de rota\u00e7\u00e3o da Terra, impedindo varia\u00e7\u00f5es dr\u00e1sticas de clima e esta\u00e7\u00f5es. Ela tamb\u00e9m regula as mar\u00e9s, essenciais para o equil\u00edbrio da disponibilidade de g\u00e1s carb\u00f4nico e tamb\u00e9m para a renova\u00e7\u00e3o de ecossistemas costeiros e para o ciclo de nutrientes marinhos.<\/p>\n<p class=\"s4\">A Terra possui camadas atmosf\u00e9ricas como a ozonosfera (que bloqueia UV nocivo) e a mesosfera (que queima meteoritos menores). Al\u00e9m disso, o campo magn\u00e9tico terrestre, gerado no n\u00facleo, desvia part\u00edculas solares letais e protege toda a biosfera numa combina\u00e7\u00e3o in\u00e9dita na compara\u00e7\u00e3o com outros planetas.<\/p>\n<p class=\"s4\">Estas e diversas outras caracter\u00edsticas, comprovadas em literatura cient\u00edfica, evidenciam que a exist\u00eancia da vida na Terra \u00e9 um milagre!<\/p>\n<p class=\"s4\">\u00c9 imposs\u00edvel refutar que houve um projeto bem articulado pelo Deus Criador que estabeleceu cada detalhe para que a vida existisse exatamente aqui neste pequeno ponto azul em meio \u00e0 imensid\u00e3o do universo.<\/p>\n","protected":false},"excerpt":{"rendered":"<p>A \u201cconstante c\u00f3smica\u201d da Terra \u00e9 caracterizada como um exemplo do chamado princ\u00edpio antr\u00f3pico, segundo o qual constata-se que os par\u00e2metros do universo est\u00e3o finamente ajustados para permitir o surgimento da vida. Segundo um imenso conjunto de pesquisas publicadas, pequenas varia\u00e7\u00f5es em constantes universais como a gravidade ou a intensidade das for\u00e7as nucleares impossibilitariam a [&hellip;]<\/p>\n","protected":false},"author":246,"featured_media":0,"comment_status":"closed","ping_status":"closed","sticky":false,"template":"","format":"standard","meta":{"footnotes":""},"categories":[1244],"tags":[],"class_list":["post-228921","post","type-post","status-publish","format-standard","hentry","category-oleg-abramov"],"_links":{"self":[{"href":"https:\/\/diarioregionaldigital.com.br\/index.php?rest_route=\/wp\/v2\/posts\/228921","targetHints":{"allow":["GET"]}}],"collection":[{"href":"https:\/\/diarioregionaldigital.com.br\/index.php?rest_route=\/wp\/v2\/posts"}],"about":[{"href":"https:\/\/diarioregionaldigital.com.br\/index.php?rest_route=\/wp\/v2\/types\/post"}],"author":[{"embeddable":true,"href":"https:\/\/diarioregionaldigital.com.br\/index.php?rest_route=\/wp\/v2\/users\/246"}],"replies":[{"embeddable":true,"href":"https:\/\/diarioregionaldigital.com.br\/index.php?rest_route=%2Fwp%2Fv2%2Fcomments&post=228921"}],"version-history":[{"count":1,"href":"https:\/\/diarioregionaldigital.com.br\/index.php?rest_route=\/wp\/v2\/posts\/228921\/revisions"}],"predecessor-version":[{"id":228922,"href":"https:\/\/diarioregionaldigital.com.br\/index.php?rest_route=\/wp\/v2\/posts\/228921\/revisions\/228922"}],"wp:attachment":[{"href":"https:\/\/diarioregionaldigital.com.br\/index.php?rest_route=%2Fwp%2Fv2%2Fmedia&parent=228921"}],"wp:term":[{"taxonomy":"category","embeddable":true,"href":"https:\/\/diarioregionaldigital.com.br\/index.php?rest_route=%2Fwp%2Fv2%2Fcategories&post=228921"},{"taxonomy":"post_tag","embeddable":true,"href":"https:\/\/diarioregionaldigital.com.br\/index.php?rest_route=%2Fwp%2Fv2%2Ftags&post=228921"}],"curies":[{"name":"wp","href":"https:\/\/api.w.org\/{rel}","templated":true}]}}