{"id":228918,"date":"2025-06-20T19:54:25","date_gmt":"2025-06-20T22:54:25","guid":{"rendered":"https:\/\/diarioregionaldigital.com.br\/?p=228918"},"modified":"2025-06-20T19:54:25","modified_gmt":"2025-06-20T22:54:25","slug":"em-fase-final-das-obras-de-reforma-ubs-milho-branco-tera-alteracao-no-atendimento-na-proxima-semana","status":"publish","type":"post","link":"https:\/\/diarioregionaldigital.com.br\/?p=228918","title":{"rendered":"Em fase final das obras de reforma, UBS Milho Branco ter\u00e1 altera\u00e7\u00e3o no atendimento na pr\u00f3xima semana"},"content":{"rendered":"<p>Segundo informa\u00e7\u00f5es do site da Prefeitura de Juiz de Fora (PJF), atualmente em reta final de reformas para melhoria e amplia\u00e7\u00e3o da estrutura, a UBS Milho Branco ter\u00e1 altera\u00e7\u00f5es no atendimento entre os dias 23 e 27 de junho. A equipe multidisciplinar da Unidade realizar\u00e1 visitas pr\u00e9-agendadas no territ\u00f3rio de abrang\u00eancia. As receitas m\u00e9dicas de pacientes atendidos pela da Unidade dever\u00e3o ser retiradas durante as visitas, com a pr\u00f3pria equipe.<\/p>\n<p>Al\u00e9m disso, ser\u00e1 instalado um ponto de apoio na Associa\u00e7\u00e3o para Mobiliza\u00e7\u00e3o Educacional e Beneficente (AMEB), localizado na Rua Paraju, n\u00ba 65, bairro Amaz\u00f4nia, com o objetivo de atender a demandas pontuais.<\/p>\n<p>J\u00e1 a coleta de sangue para exames ser\u00e1 realizada em um ponto de apoio instalado na Rua Argemira de Jesus Flores, pr\u00f3ximo ao ponto final da linha 609 (Milho Branco). Pacientes agendados para Eletrocardiograma ser\u00e3o atendidos em outro ponto de apoio instalado em frente ao port\u00e3o principal da Escola Municipal Engenheiro Andr\u00e9 Rebou\u00e7as, localizada na Rua Nicolau Schuery, no Milho Branco.<\/p>\n<p>A a\u00e7\u00e3o visa assegurar que a popula\u00e7\u00e3o continue sendo atendida durante o per\u00edodo de reformas da UBS Milho Branco, uma importante conquista para a comunidade, que resultar\u00e1 na amplia\u00e7\u00e3o e melhoria da estrutura f\u00edsica da Unidade. As medidas adotadas garantem a manuten\u00e7\u00e3o dos servi\u00e7os de sa\u00fade de forma organizada e acess\u00edvel, mesmo durante a execu\u00e7\u00e3o das obras.<\/p>\n<div><\/div>\n","protected":false},"excerpt":{"rendered":"<p>Segundo informa\u00e7\u00f5es do site da Prefeitura de Juiz de Fora (PJF), atualmente em reta final de reformas para melhoria e amplia\u00e7\u00e3o da estrutura, a UBS Milho Branco ter\u00e1 altera\u00e7\u00f5es no atendimento entre os dias 23 e 27 de junho. A equipe multidisciplinar da Unidade realizar\u00e1 visitas pr\u00e9-agendadas no territ\u00f3rio de abrang\u00eancia. As receitas m\u00e9dicas de [&hellip;]<\/p>\n","protected":false},"author":246,"featured_media":228919,"comment_status":"closed","ping_status":"closed","sticky":false,"template":"","format":"standard","meta":{"footnotes":""},"categories":[253,436,439],"tags":[],"class_list":["post-228918","post","type-post","status-publish","format-standard","has-post-thumbnail","hentry","category-cidade","category-destaque-da-semana","category-ultima-hora"],"_links":{"self":[{"href":"https:\/\/diarioregionaldigital.com.br\/index.php?rest_route=\/wp\/v2\/posts\/228918","targetHints":{"allow":["GET"]}}],"collection":[{"href":"https:\/\/diarioregionaldigital.com.br\/index.php?rest_route=\/wp\/v2\/posts"}],"about":[{"href":"https:\/\/diarioregionaldigital.com.br\/index.php?rest_route=\/wp\/v2\/types\/post"}],"author":[{"embeddable":true,"href":"https:\/\/diarioregionaldigital.com.br\/index.php?rest_route=\/wp\/v2\/users\/246"}],"replies":[{"embeddable":true,"href":"https:\/\/diarioregionaldigital.com.br\/index.php?rest_route=%2Fwp%2Fv2%2Fcomments&post=228918"}],"version-history":[{"count":1,"href":"https:\/\/diarioregionaldigital.com.br\/index.php?rest_route=\/wp\/v2\/posts\/228918\/revisions"}],"predecessor-version":[{"id":228920,"href":"https:\/\/diarioregionaldigital.com.br\/index.php?rest_route=\/wp\/v2\/posts\/228918\/revisions\/228920"}],"wp:featuredmedia":[{"embeddable":true,"href":"https:\/\/diarioregionaldigital.com.br\/index.php?rest_route=\/wp\/v2\/media\/228919"}],"wp:attachment":[{"href":"https:\/\/diarioregionaldigital.com.br\/index.php?rest_route=%2Fwp%2Fv2%2Fmedia&parent=228918"}],"wp:term":[{"taxonomy":"category","embeddable":true,"href":"https:\/\/diarioregionaldigital.com.br\/index.php?rest_route=%2Fwp%2Fv2%2Fcategories&post=228918"},{"taxonomy":"post_tag","embeddable":true,"href":"https:\/\/diarioregionaldigital.com.br\/index.php?rest_route=%2Fwp%2Fv2%2Ftags&post=228918"}],"curies":[{"name":"wp","href":"https:\/\/api.w.org\/{rel}","templated":true}]}}