{"id":228915,"date":"2025-06-20T19:53:04","date_gmt":"2025-06-20T22:53:04","guid":{"rendered":"https:\/\/diarioregionaldigital.com.br\/?p=228915"},"modified":"2025-06-20T19:53:04","modified_gmt":"2025-06-20T22:53:04","slug":"gape-conversa-com-alunos-da-e-m-prof-eunice-alves-vieira","status":"publish","type":"post","link":"https:\/\/diarioregionaldigital.com.br\/?p=228915","title":{"rendered":"Gape conversa com alunos da E. M. Prof. Eunice Alves Vieira"},"content":{"rendered":"<p>Segundo informa\u00e7\u00f5es do site da Prefeitura de Juiz de Fora (PJF), nesta quarta-feira, 18, a equipe do projeto Guardas no Apoio e Preven\u00e7\u00e3o nas Escolas (Gape) esteve na Escola Municipal Professora Eunice Alves Vieira, no Bairro Barbosa Lage, onde realizou roda de conversa com 25 crian\u00e7as, na faixa dos 10 anos. Para promover a preven\u00e7\u00e3o da viol\u00eancia e a cultura de paz no ambiente escolar, o encontro prop\u00f4s reflex\u00e3o sobre bullying e constru\u00e7\u00e3o da identidade.<\/p>\n<div>\u00a0\u00a0 \u00a0Entender e respeitar as diferen\u00e7as \u00e9 o eixo central que orienta todo o trabalho. Sob essa \u00f3tica, a equipe desenvolve o bate-papo sobre constru\u00e7\u00e3o da identidade e desperta a no\u00e7\u00e3o de responsabilidade relacionada \u00e0 pr\u00e1tica do bullying. \u201cSer diferente \u00e9 normal, porque n\u00f3s somos diversos. Existem v\u00e1rios tipos de pessoas, com v\u00e1rios tipos de cabelos, tipo de olhos, boca, nariz, corpo, cor de pele. Uma das origens do preconceito e do bullying est\u00e1 na dificuldade de reconhecer que n\u00f3s somos diferentes e que essas diferen\u00e7as n\u00e3o nos fazem superior, nem nos torna inferior a ningu\u00e9m; apenas diferentes. Ser diferente \u00e9 natural, \u00e9 normal, \u00e9 legal e \u00e9 um direito de cada um\u201d, refor\u00e7ou a assessora da Secretaria de Seguran\u00e7a Urbana e Cidadania, Charline Juvenal.<\/div>\n<div>\nToler\u00e2ncia, boa conviv\u00eancia e aceita\u00e7\u00e3o combinam com autoestima e o empoderamento. Os encontros conduzidos pelo Gape buscam trabalhar a empatia e o respeito \u00e0s diferen\u00e7as, fortalecendo e valorizando a compreens\u00e3o sobre diversidade. Por meio da reflex\u00e3o, a equipe leva a proposta de conscientiza\u00e7\u00e3o para a constru\u00e7\u00e3o de uma cultura de paz.<\/div>\n<div>\nAs atividades atendem \u00e0s demandas das unidades de ensino e promovem o estreitamento de la\u00e7os, numa proposta de amplia\u00e7\u00e3o da seguran\u00e7a no ambiente escolar. O Gape \u00e9 instrumento de amplifica\u00e7\u00e3o da mensagem de respeito e de toler\u00e2ncia, que apoia o trabalho tamb\u00e9m realizado pelos profissionais da educa\u00e7\u00e3o. A cada semana, a equipe vai at\u00e9 uma nova unidade, para uma conversa pr\u00f3xima, atenta e amig\u00e1vel.<\/div>\n<div>\nA preven\u00e7\u00e3o \u00e0 viol\u00eancia e \u00e0 criminalidade \u00e9 diretriz do\u00a0<a href=\"https:\/\/jflegis.pjf.mg.gov.br\/norma.php?chave=0000048306\">Plano Municipal de Seguran\u00e7a Urbana e Cidadania (Lei 14242)<\/a>, assim como o envolvimento comunit\u00e1rio \u00e9 papel da Guarda Municipal. De sorte que o trabalho levado \u00e0s escolas ajuda a fomentar a cultura da paz entre jovens nos diferentes territ\u00f3rios, em parceria com outros setores da Prefeitura, numa proposta de intersetorialidade condizente com o referido plano.<\/div>\n","protected":false},"excerpt":{"rendered":"<p>Segundo informa\u00e7\u00f5es do site da Prefeitura de Juiz de Fora (PJF), nesta quarta-feira, 18, a equipe do projeto Guardas no Apoio e Preven\u00e7\u00e3o nas Escolas (Gape) esteve na Escola Municipal Professora Eunice Alves Vieira, no Bairro Barbosa Lage, onde realizou roda de conversa com 25 crian\u00e7as, na faixa dos 10 anos. Para promover a preven\u00e7\u00e3o [&hellip;]<\/p>\n","protected":false},"author":246,"featured_media":228916,"comment_status":"closed","ping_status":"closed","sticky":false,"template":"","format":"standard","meta":{"footnotes":""},"categories":[253,436,439],"tags":[],"class_list":["post-228915","post","type-post","status-publish","format-standard","has-post-thumbnail","hentry","category-cidade","category-destaque-da-semana","category-ultima-hora"],"_links":{"self":[{"href":"https:\/\/diarioregionaldigital.com.br\/index.php?rest_route=\/wp\/v2\/posts\/228915","targetHints":{"allow":["GET"]}}],"collection":[{"href":"https:\/\/diarioregionaldigital.com.br\/index.php?rest_route=\/wp\/v2\/posts"}],"about":[{"href":"https:\/\/diarioregionaldigital.com.br\/index.php?rest_route=\/wp\/v2\/types\/post"}],"author":[{"embeddable":true,"href":"https:\/\/diarioregionaldigital.com.br\/index.php?rest_route=\/wp\/v2\/users\/246"}],"replies":[{"embeddable":true,"href":"https:\/\/diarioregionaldigital.com.br\/index.php?rest_route=%2Fwp%2Fv2%2Fcomments&post=228915"}],"version-history":[{"count":1,"href":"https:\/\/diarioregionaldigital.com.br\/index.php?rest_route=\/wp\/v2\/posts\/228915\/revisions"}],"predecessor-version":[{"id":228917,"href":"https:\/\/diarioregionaldigital.com.br\/index.php?rest_route=\/wp\/v2\/posts\/228915\/revisions\/228917"}],"wp:featuredmedia":[{"embeddable":true,"href":"https:\/\/diarioregionaldigital.com.br\/index.php?rest_route=\/wp\/v2\/media\/228916"}],"wp:attachment":[{"href":"https:\/\/diarioregionaldigital.com.br\/index.php?rest_route=%2Fwp%2Fv2%2Fmedia&parent=228915"}],"wp:term":[{"taxonomy":"category","embeddable":true,"href":"https:\/\/diarioregionaldigital.com.br\/index.php?rest_route=%2Fwp%2Fv2%2Fcategories&post=228915"},{"taxonomy":"post_tag","embeddable":true,"href":"https:\/\/diarioregionaldigital.com.br\/index.php?rest_route=%2Fwp%2Fv2%2Ftags&post=228915"}],"curies":[{"name":"wp","href":"https:\/\/api.w.org\/{rel}","templated":true}]}}