{"id":228912,"date":"2025-06-20T19:52:09","date_gmt":"2025-06-20T22:52:09","guid":{"rendered":"https:\/\/diarioregionaldigital.com.br\/?p=228912"},"modified":"2025-06-20T19:52:09","modified_gmt":"2025-06-20T22:52:09","slug":"secretaria-do-bem-estar-animal-realiza-acao-educativa-na-e-m-jose-homem-de-carvalho","status":"publish","type":"post","link":"https:\/\/diarioregionaldigital.com.br\/?p=228912","title":{"rendered":"Secretaria do Bem-Estar Animal realiza a\u00e7\u00e3o educativa na E.M. Jos\u00e9 Homem de Carvalho"},"content":{"rendered":"<p>Segundo informa\u00e7\u00f5es do site da Prefeitura de Juiz de Fora (PJF), com o objetivo de promover a conscientiza\u00e7\u00e3o sobre a import\u00e2ncia do cuidado, respeito e prote\u00e7\u00e3o aos animais desde a inf\u00e2ncia, a Prefeitura de Juiz de Fora (PJF), por meio da Secretaria do Bem-Estar Animal (SEBEAL), realizou nesta quarta-feira, dia 18, a terceira a\u00e7\u00e3o educativa com atividades, na Escola Municipal Jos\u00e9 Homem de Carvalho, no bairro Santa Efig\u00eania. Cerca de 100 alunos participaram da atividade.<\/p>\n<p>A visita \u00e0 escola faz parte de uma iniciativa da SEBEAL que busca integrar as escolas p\u00fablicas \u00e0s pol\u00edticas de prote\u00e7\u00e3o animal do munic\u00edpio. A Secretaria tamb\u00e9m vai visitar outras unidades escolares, al\u00e9m das institui\u00e7\u00f5es estaduais e particulares.<\/p>\n<p>Os interessados podem fazer sua inscri\u00e7\u00e3o pelo telefone (32) 2104-8450.<\/p>\n<div><\/div>\n","protected":false},"excerpt":{"rendered":"<p>Segundo informa\u00e7\u00f5es do site da Prefeitura de Juiz de Fora (PJF), com o objetivo de promover a conscientiza\u00e7\u00e3o sobre a import\u00e2ncia do cuidado, respeito e prote\u00e7\u00e3o aos animais desde a inf\u00e2ncia, a Prefeitura de Juiz de Fora (PJF), por meio da Secretaria do Bem-Estar Animal (SEBEAL), realizou nesta quarta-feira, dia 18, a terceira a\u00e7\u00e3o educativa [&hellip;]<\/p>\n","protected":false},"author":246,"featured_media":228913,"comment_status":"closed","ping_status":"closed","sticky":false,"template":"","format":"standard","meta":{"footnotes":""},"categories":[253,436,440,439],"tags":[],"class_list":["post-228912","post","type-post","status-publish","format-standard","has-post-thumbnail","hentry","category-cidade","category-destaque-da-semana","category-destaques-do-dia","category-ultima-hora"],"_links":{"self":[{"href":"https:\/\/diarioregionaldigital.com.br\/index.php?rest_route=\/wp\/v2\/posts\/228912","targetHints":{"allow":["GET"]}}],"collection":[{"href":"https:\/\/diarioregionaldigital.com.br\/index.php?rest_route=\/wp\/v2\/posts"}],"about":[{"href":"https:\/\/diarioregionaldigital.com.br\/index.php?rest_route=\/wp\/v2\/types\/post"}],"author":[{"embeddable":true,"href":"https:\/\/diarioregionaldigital.com.br\/index.php?rest_route=\/wp\/v2\/users\/246"}],"replies":[{"embeddable":true,"href":"https:\/\/diarioregionaldigital.com.br\/index.php?rest_route=%2Fwp%2Fv2%2Fcomments&post=228912"}],"version-history":[{"count":1,"href":"https:\/\/diarioregionaldigital.com.br\/index.php?rest_route=\/wp\/v2\/posts\/228912\/revisions"}],"predecessor-version":[{"id":228914,"href":"https:\/\/diarioregionaldigital.com.br\/index.php?rest_route=\/wp\/v2\/posts\/228912\/revisions\/228914"}],"wp:featuredmedia":[{"embeddable":true,"href":"https:\/\/diarioregionaldigital.com.br\/index.php?rest_route=\/wp\/v2\/media\/228913"}],"wp:attachment":[{"href":"https:\/\/diarioregionaldigital.com.br\/index.php?rest_route=%2Fwp%2Fv2%2Fmedia&parent=228912"}],"wp:term":[{"taxonomy":"category","embeddable":true,"href":"https:\/\/diarioregionaldigital.com.br\/index.php?rest_route=%2Fwp%2Fv2%2Fcategories&post=228912"},{"taxonomy":"post_tag","embeddable":true,"href":"https:\/\/diarioregionaldigital.com.br\/index.php?rest_route=%2Fwp%2Fv2%2Ftags&post=228912"}],"curies":[{"name":"wp","href":"https:\/\/api.w.org\/{rel}","templated":true}]}}