{"id":228900,"date":"2025-06-20T19:45:21","date_gmt":"2025-06-20T22:45:21","guid":{"rendered":"https:\/\/diarioregionaldigital.com.br\/?p=228900"},"modified":"2025-06-20T19:45:21","modified_gmt":"2025-06-20T22:45:21","slug":"governo-de-minas-e-jica-fortalecem-parceria-em-recuperacao-agricola-e-defesa-civil-durante-visita-tecnica-a-sede-de-agencia-no-japao","status":"publish","type":"post","link":"https:\/\/diarioregionaldigital.com.br\/?p=228900","title":{"rendered":"Governo de Minas e Jica fortalecem parceria em recupera\u00e7\u00e3o agr\u00edcola e defesa civil durante visita t\u00e9cnica \u00e0 sede de ag\u00eancia no Jap\u00e3o"},"content":{"rendered":"<p><main class=\"clear margin-md-bottom-3\"><\/p>\n<div class=\"clear \">\n<p>Defesa Civil,\u00a0\u00a0meio ambiente e desenvolvimento sustent\u00e1vel estiveram na pauta dos encontros realizados nesta sexta-feira (20\/6) pela comitiva do\u00a0<a href=\"https:\/\/www.mg.gov.br\/\" target=\"_blank\" rel=\"noopener\">Governo de Minas<\/a>, liderada pelo governador Romeu Zema, que est\u00e1 em miss\u00e3o na \u00c1sia. Representantes do Estado estiveram na sede da Ag\u00eancia de Coopera\u00e7\u00e3o Internacional do Jap\u00e3o (Jica), em T\u00f3quio.<\/p>\n<p>Ligada ao governo japon\u00eas, ela \u00e9 respons\u00e1vel pela implementa\u00e7\u00e3o da Assist\u00eancia Oficial para o Desenvolvimento (ODA), que apoia o crescimento e a estabilidade socioecon\u00f4mica dos pa\u00edses em desenvolvimento para contribuir para a constru\u00e7\u00e3o da paz e o desenvolvimento da sociedade internacional.<\/p>\n<p>O Governo de Minas e a Jica est\u00e3o buscando aprofundar a colabora\u00e7\u00e3o em projetos estrat\u00e9gicos de recupera\u00e7\u00e3o de \u00e1reas de pastagem degradadas para impulsionar a agricultura sustent\u00e1vel.<\/p>\n<p>Minas Gerais foi identificado como o principal local piloto para a nova iniciativa devido \u00e0 sua import\u00e2ncia agr\u00edcola e grande empenho nas a\u00e7\u00f5es de recupera\u00e7\u00e3o ambiental nos \u00faltimos anos. Os quatro conceitos principais do projeto incluem seguran\u00e7a alimentar, mitiga\u00e7\u00e3o das mudan\u00e7as clim\u00e1ticas, seguran\u00e7a energ\u00e9tica e inclus\u00e3o social.<\/p>\n<p>Os japoneses apontam que, embora a taxa de juros atual para empr\u00e9stimos da Jica esteja em torno de 2%, com per\u00edodo de cinco a 15 anos de car\u00eancia, os altos juros brasileiros t\u00eam sido um desafio. Dois canais financeiros estrat\u00e9gicos foram propostos: o\u00a0<a href=\"https:\/\/www.bdmg.mg.gov.br\/\" target=\"_blank\" rel=\"noopener\">Banco de Desenvolvimento de Minas Gerais (BDMG)<\/a>\u00a0e um novo fundo Fiagro.<\/p>\n<p>\u201cO Estado se encontra \u00e0 disposi\u00e7\u00e3o para acelerar esse processo em Minas Gerais, com institui\u00e7\u00f5es t\u00e9cnicas nossas para apoiar os esfor\u00e7os de recupera\u00e7\u00e3o. Al\u00e9m disso, vai ser elaborado um memorando de entendimentos entre o Governo de Minas e a Jica para efetivar essas tratativas\u201d, disse Romeu Zema.<\/p>\n<p><strong>Parceria em Defesa Civil<\/strong><\/p>\n<p>Um dos focos do encontro entre a comitiva do Estado e a Jica foi construir oportunidades para coopera\u00e7\u00e3o t\u00e9cnica direta com a Defesa Civil de Minas Gerais por meio de programa de bolsas, miss\u00f5es de estudo e capacita\u00e7\u00f5es voltadas \u00e0 gest\u00e3o de riscos e resposta a desastres com o pa\u00eds asi\u00e1tico que \u00e9 refer\u00eancia global na tem\u00e1tica.<\/p>\n<p>Em mar\u00e7o, integrantes da Jica estiveram em Belo Horizonte para o Semin\u00e1rio de Gest\u00e3o de Desastres Naturais &#8220;Chuvas e Estiagem: Construindo uma Cultura de Preven\u00e7\u00e3o ao Risco&#8221;, promovido pelo Governo de Minas, por meio da\u00a0<a href=\"https:\/\/www.mg.gov.br\/defesacivil\" target=\"_blank\" rel=\"noopener\">Coordenadoria Estadual de Defesa Civil (Cedec)<\/a>.<\/p>\n<p>\u201cEstamos com interlocu\u00e7\u00e3o muito forte com a Jica, estabelecendo um canal permanente de comunica\u00e7\u00e3o, interc\u00e2mbio t\u00e9cnico, de discuss\u00e3o sobre tecnologia, log\u00edstica e de tantos outros assuntos importantes para tornar nosso estado cada vez mais resiliente e seguro para todos os mineiros\u201d, explicou o coordenador Estadual de Defesa Civil\u00a0e chefe do\u00a0<a href=\"https:\/\/www.mg.gov.br\/gabinetemilitar\" target=\"_blank\" rel=\"noopener\">Gabinete Militar do Governador (GMG)<\/a>, coronel Paulo Roberto Bermudes Rezende.<\/p>\n<p><strong>Desenvolvimento sustent\u00e1vel<\/strong><\/p>\n<p>Tamb\u00e9m nesta sexta-feira, o governador Romeu Zema e a comitiva se reuniram com o ministro do Meio Ambiente do Jap\u00e3o, Fumiaki Kobayashi, para discutir oportunidades estrat\u00e9gicas de coopera\u00e7\u00e3o em sustentabilidade, transi\u00e7\u00e3o energ\u00e9tica e inova\u00e7\u00e3o tecnol\u00f3gica em uma agenda comum de desenvolvimento sustent\u00e1vel.<\/p>\n<p>O governador e a comitiva mostraram como Minas Gerais pode exercer papel importante como parceiro do Jap\u00e3o em estrat\u00e9gias de descarboniza\u00e7\u00e3o, com \u00eanfase na produ\u00e7\u00e3o e exporta\u00e7\u00e3o de hidrog\u00eanio verde, combust\u00edvel alternativo gerado por fontes de energia renov\u00e1veis.<\/p>\n<p>\u201cA reuni\u00e3o foi proveitosa, um dos pontos discutidos foi o interesse do governo japon\u00eas na importa\u00e7\u00e3o de hidrog\u00eanio verde como estrat\u00e9gia de descarboniza\u00e7\u00e3o. H\u00e1 um potencial enorme de Minas Gerais para produ\u00e7\u00e3o de hidrog\u00eanio verde a partir de fontes renov\u00e1veis, como a e\u00f3lica. Tamb\u00e9m falamos de parcerias tecnol\u00f3gicas e investimentos em projetos-piloto no Estado\u201d, pontuou o governador Romeu Zema.<\/p>\n<p>Fonte: Ag\u00eancia Minas<\/p>\n<\/div>\n<p><\/main><\/p>\n","protected":false},"excerpt":{"rendered":"<p>Defesa Civil,\u00a0\u00a0meio ambiente e desenvolvimento sustent\u00e1vel estiveram na pauta dos encontros realizados nesta sexta-feira (20\/6) pela comitiva do\u00a0Governo de Minas, liderada pelo governador Romeu Zema, que est\u00e1 em miss\u00e3o na \u00c1sia. Representantes do Estado estiveram na sede da Ag\u00eancia de Coopera\u00e7\u00e3o Internacional do Jap\u00e3o (Jica), em T\u00f3quio. Ligada ao governo japon\u00eas, ela \u00e9 respons\u00e1vel pela [&hellip;]<\/p>\n","protected":false},"author":246,"featured_media":228901,"comment_status":"closed","ping_status":"closed","sticky":false,"template":"","format":"standard","meta":{"footnotes":""},"categories":[436,261,254,439],"tags":[],"class_list":["post-228900","post","type-post","status-publish","format-standard","has-post-thumbnail","hentry","category-destaque-da-semana","category-economia","category-politica","category-ultima-hora"],"_links":{"self":[{"href":"https:\/\/diarioregionaldigital.com.br\/index.php?rest_route=\/wp\/v2\/posts\/228900","targetHints":{"allow":["GET"]}}],"collection":[{"href":"https:\/\/diarioregionaldigital.com.br\/index.php?rest_route=\/wp\/v2\/posts"}],"about":[{"href":"https:\/\/diarioregionaldigital.com.br\/index.php?rest_route=\/wp\/v2\/types\/post"}],"author":[{"embeddable":true,"href":"https:\/\/diarioregionaldigital.com.br\/index.php?rest_route=\/wp\/v2\/users\/246"}],"replies":[{"embeddable":true,"href":"https:\/\/diarioregionaldigital.com.br\/index.php?rest_route=%2Fwp%2Fv2%2Fcomments&post=228900"}],"version-history":[{"count":1,"href":"https:\/\/diarioregionaldigital.com.br\/index.php?rest_route=\/wp\/v2\/posts\/228900\/revisions"}],"predecessor-version":[{"id":228902,"href":"https:\/\/diarioregionaldigital.com.br\/index.php?rest_route=\/wp\/v2\/posts\/228900\/revisions\/228902"}],"wp:featuredmedia":[{"embeddable":true,"href":"https:\/\/diarioregionaldigital.com.br\/index.php?rest_route=\/wp\/v2\/media\/228901"}],"wp:attachment":[{"href":"https:\/\/diarioregionaldigital.com.br\/index.php?rest_route=%2Fwp%2Fv2%2Fmedia&parent=228900"}],"wp:term":[{"taxonomy":"category","embeddable":true,"href":"https:\/\/diarioregionaldigital.com.br\/index.php?rest_route=%2Fwp%2Fv2%2Fcategories&post=228900"},{"taxonomy":"post_tag","embeddable":true,"href":"https:\/\/diarioregionaldigital.com.br\/index.php?rest_route=%2Fwp%2Fv2%2Ftags&post=228900"}],"curies":[{"name":"wp","href":"https:\/\/api.w.org\/{rel}","templated":true}]}}