{"id":228894,"date":"2025-06-20T19:41:29","date_gmt":"2025-06-20T22:41:29","guid":{"rendered":"https:\/\/diarioregionaldigital.com.br\/?p=228894"},"modified":"2025-06-20T19:41:29","modified_gmt":"2025-06-20T22:41:29","slug":"empresa-japonesa-confirma-investimento-de-r-140-milhoes-em-patos-de-minas","status":"publish","type":"post","link":"https:\/\/diarioregionaldigital.com.br\/?p=228894","title":{"rendered":"Empresa japonesa confirma investimento de R$ 140 milh\u00f5es em Patos de Minas"},"content":{"rendered":"<p>A passagem da comitiva do\u00a0<a href=\"https:\/\/www.mg.gov.br\/\" target=\"_blank\" rel=\"noopener\">Governo de Minas<\/a>\u00a0pela \u00c1sia voltou a render novos investimentos e empregos diretos para os mineiros. Nesta sexta-feira (20\/6), o grupo liderado pelo governador Romeu Zema chegou ao Jap\u00e3o, onde foi apresentado um novo empreendimento que ser\u00e1 instalado no estado.<\/p>\n<p>A empresa Sumitomo Corporation confirmou\u00a0um investimento de R$ 140 milh\u00f5es, inteiramente privados, para construir uma unidade de armazenamento e beneficiamento de sementes de soja em Patos de Minas, munic\u00edpio do Alto Parana\u00edba.<\/p>\n<p>A iniciativa vai gerar 40 empregos diretos. A finaliza\u00e7\u00e3o das obras est\u00e1 prevista para o final deste ano e a expectativa \u00e9 de opera\u00e7\u00e3o integral at\u00e9 o fim de 2026.<\/p>\n<table border=\"0\" cellspacing=\"1\" cellpadding=\"1\" align=\"center\">\n<tbody>\n<tr>\n<td colspan=\"5\"><img decoding=\"async\" src=\"https:\/\/www.agenciaminas.mg.gov.br\/ckeditor_assets\/pictures\/20949\/content_2_olho_topo.jpg\" alt=\"\" \/><\/td>\n<\/tr>\n<tr>\n<td><\/td>\n<td colspan=\"3\" rowspan=\"3\">\n<h1><strong>&#8220;A Sumitomo \u00e9 uma empresa renomada que vem para somar e ajudar no desenvolvimento de Patos de Minas e todo estado. Durante a reuni\u00e3o de hoje, conseguimos mostrar as potencialidades que Minas Gerais tem, que s\u00e3o muitas. \u00c9 um estado que vem trazendo cada vez mais prosperidade para o pa\u00eds. E, aqui no Jap\u00e3o, estamos buscando construir uma maior coopera\u00e7\u00e3o com foco em melhorias para os mineiros&#8221;, ressaltou o governador Romeu Zema.<\/strong><\/h1>\n<\/td>\n<td><\/td>\n<\/tr>\n<tr>\n<td><\/td>\n<td><\/td>\n<\/tr>\n<tr>\n<td><\/td>\n<td><\/td>\n<\/tr>\n<tr>\n<td colspan=\"5\"><img decoding=\"async\" src=\"https:\/\/www.agenciaminas.mg.gov.br\/ckeditor_assets\/pictures\/20950\/content_2_olho_inferior.jpg\" alt=\"\" \/><\/td>\n<\/tr>\n<\/tbody>\n<\/table>\n<p>O fechamento de mais este acordo pelo Governo de Minas teve participa\u00e7\u00e3o da\u00a0<a href=\"https:\/\/desenvolvimento.mg.gov.br\/\" target=\"_blank\" rel=\"noopener\">Secretaria de Estado de Desenvolvimento Econ\u00f4mico (Sede-MG)<\/a>\u00a0por meio de sua ag\u00eancia de atra\u00e7\u00e3o de investimentos vinculada, a\u00a0<a href=\"https:\/\/investminas.mg.gov.br\/\" target=\"_blank\" rel=\"noopener\">Invest Minas<\/a>.<\/p>\n<p>O trabalho da ag\u00eancia consistiu em apoiar a empresa nas tratativas junto ao\u00a0<a href=\"https:\/\/desenvolvimento.mg.gov.br\/\" target=\"_blank\" rel=\"noopener\">Banco de Desenvolvimento de Minas Gerais (BDMG)<\/a>\u00a0e na obten\u00e7\u00e3o de licen\u00e7as com a\u00a0<a href=\"https:\/\/meioambiente.mg.gov.br\/\" target=\"_blank\" rel=\"noopener\">Secretaria de Estado de Meio Ambiente e Desenvolvimento Sustent\u00e1vel (Semad-MG)<\/a>.<\/p>\n<p>\u201cVer uma empresa japonesa como a Sumitomo escolher Patos de Minas para expandir suas opera\u00e7\u00f5es nacionais mostra como Minas se consolida como parceiro estrat\u00e9gico no agroneg\u00f3cio global. Esse investimento traz mais tecnologia para o setor, gera empregos de qualidade e impulsiona ainda mais o desenvolvimento no Alto Parana\u00edba\u201d, afirmou a secret\u00e1ria de Estado de Desenvolvimento Econ\u00f4mico, Mila Corr\u00eaa da Costa.<\/p>\n<p>A Invest Minas tamb\u00e9m intermediou negocia\u00e7\u00f5es junto a\u00a0<a href=\"https:\/\/www.cemig.com.br\/\" target=\"_blank\" rel=\"noopener\">Cemig<\/a>\u00a0e conseguiu que a companhia energ\u00e9tica antecipasse os prazos previamente estabelecidos para o fornecimento de energia.<\/p>\n<p>\u201cCostumo dizer que a Invest Minas funciona como um balc\u00e3o \u00fanico de atendimento do Governo de Minas para empresas interessadas em empreender ou se expandir em nosso estado. Com a Sumitomo Agro Amaz\u00f4nia este trabalho fica evidenciado devido a nossa atua\u00e7\u00e3o direta com v\u00e1rios agentes que culminaram na acelera\u00e7\u00e3o da implanta\u00e7\u00e3o desta unidade em Patos de Minas\u201d, celebrou o diretor-presidente da ag\u00eancia, Jo\u00e3o Paulo Braga.<\/p>\n<p><strong>A empresa<\/strong><\/p>\n<p>A Agro Amaz\u00f4nia iniciou suas atividades em 1983 como um neg\u00f3cio de distribui\u00e7\u00e3o de insumos agropecu\u00e1rios na cidade de Cuiab\u00e1 (MT). Em 2015, a empresa se tornou subsidi\u00e1ria da Sumitomo Corporation, um dos maiores conglomerados japoneses do setor.<\/p>\n<p>Essa parceria deu \u00e0 Agro Amaz\u00f4nia acesso a novos recursos e tecnologias, o que permitiu a expans\u00e3o da empresa. Atualmente, a Agro Amaz\u00f4nia est\u00e1 presente nas principais regi\u00f5es do agroneg\u00f3cio brasileiro, incluindo Minas Gerais.<\/p>\n<p>Fonte: Ag\u00eancia Minas<\/p>\n","protected":false},"excerpt":{"rendered":"<p>A passagem da comitiva do\u00a0Governo de Minas\u00a0pela \u00c1sia voltou a render novos investimentos e empregos diretos para os mineiros. Nesta sexta-feira (20\/6), o grupo liderado pelo governador Romeu Zema chegou ao Jap\u00e3o, onde foi apresentado um novo empreendimento que ser\u00e1 instalado no estado. A empresa Sumitomo Corporation confirmou\u00a0um investimento de R$ 140 milh\u00f5es, inteiramente privados, [&hellip;]<\/p>\n","protected":false},"author":246,"featured_media":228895,"comment_status":"closed","ping_status":"closed","sticky":false,"template":"","format":"standard","meta":{"footnotes":""},"categories":[436,440,261,254,439],"tags":[],"class_list":["post-228894","post","type-post","status-publish","format-standard","has-post-thumbnail","hentry","category-destaque-da-semana","category-destaques-do-dia","category-economia","category-politica","category-ultima-hora"],"_links":{"self":[{"href":"https:\/\/diarioregionaldigital.com.br\/index.php?rest_route=\/wp\/v2\/posts\/228894","targetHints":{"allow":["GET"]}}],"collection":[{"href":"https:\/\/diarioregionaldigital.com.br\/index.php?rest_route=\/wp\/v2\/posts"}],"about":[{"href":"https:\/\/diarioregionaldigital.com.br\/index.php?rest_route=\/wp\/v2\/types\/post"}],"author":[{"embeddable":true,"href":"https:\/\/diarioregionaldigital.com.br\/index.php?rest_route=\/wp\/v2\/users\/246"}],"replies":[{"embeddable":true,"href":"https:\/\/diarioregionaldigital.com.br\/index.php?rest_route=%2Fwp%2Fv2%2Fcomments&post=228894"}],"version-history":[{"count":1,"href":"https:\/\/diarioregionaldigital.com.br\/index.php?rest_route=\/wp\/v2\/posts\/228894\/revisions"}],"predecessor-version":[{"id":228896,"href":"https:\/\/diarioregionaldigital.com.br\/index.php?rest_route=\/wp\/v2\/posts\/228894\/revisions\/228896"}],"wp:featuredmedia":[{"embeddable":true,"href":"https:\/\/diarioregionaldigital.com.br\/index.php?rest_route=\/wp\/v2\/media\/228895"}],"wp:attachment":[{"href":"https:\/\/diarioregionaldigital.com.br\/index.php?rest_route=%2Fwp%2Fv2%2Fmedia&parent=228894"}],"wp:term":[{"taxonomy":"category","embeddable":true,"href":"https:\/\/diarioregionaldigital.com.br\/index.php?rest_route=%2Fwp%2Fv2%2Fcategories&post=228894"},{"taxonomy":"post_tag","embeddable":true,"href":"https:\/\/diarioregionaldigital.com.br\/index.php?rest_route=%2Fwp%2Fv2%2Ftags&post=228894"}],"curies":[{"name":"wp","href":"https:\/\/api.w.org\/{rel}","templated":true}]}}