{"id":228891,"date":"2025-06-18T20:31:59","date_gmt":"2025-06-18T23:31:59","guid":{"rendered":"https:\/\/diarioregionaldigital.com.br\/?p=228891"},"modified":"2025-06-18T20:31:59","modified_gmt":"2025-06-18T23:31:59","slug":"veja-como-fica-o-funcionamento-da-pjf-durante-o-feriado-de-corpus-christi","status":"publish","type":"post","link":"https:\/\/diarioregionaldigital.com.br\/?p=228891","title":{"rendered":"Veja como fica o funcionamento da PJF durante o feriado de Corpus Christi"},"content":{"rendered":"<p>Segundo informa\u00e7\u00f5es do site da Prefeitura de Juiz de Fora (PJF), em fun\u00e7\u00e3o do feriado de Corpus Christi, na quinta-feira, 19, e do ponto facultativo, na sexta-feira, 20, os servi\u00e7os da Prefeitura de Juiz de Fora (PJF) ter\u00e3o altera\u00e7\u00f5es. Confira como fica o funcionamento dos servi\u00e7os ao p\u00fablico no feriado:<\/p>\n<p><strong>Companhia de Saneamento Municipal (Cesama)<\/strong>: A Cesama trabalhar\u00e1 em esquema de plant\u00e3o durante o feriado prolongado de Corpus Christi. As solicita\u00e7\u00f5es podem ser feitas por meio dos telefones 115 ou 0800 115 3232.<\/p>\n<p><strong>Departamento Municipal de Limpeza Urbana (Demlurb):<\/strong>\u00a0Nesta quinta-feira, 19, n\u00e3o haver\u00e1 expediente de coleta domiciliar, seletiva, ecopontos e a Coleta Seletiva na Pra\u00e7a da Esta\u00e7\u00e3o. O Demlurb pede a colabora\u00e7\u00e3o da popula\u00e7\u00e3o para que n\u00e3o descarte lixo neste dia. O Departamento contar\u00e1 com equipes em regime de plant\u00e3o para eventuais demandas. Na sexta-feira, 20, a coleta j\u00e1 estar\u00e1 normalizada.<\/p>\n<p><strong>Guarda Municipal (GM):<\/strong>\u00a0A Guarda Municipal mant\u00e9m sua rotina normal de servi\u00e7o, com o funcionamento 24 horas do Centro de Monitoramento e Opera\u00e7\u00f5es (CMO) e o atendimento pelo telefone 153. As equipes motorizadas realizam rondas preventivas em espa\u00e7os e equipamentos p\u00fablicos, como parques e pra\u00e7as da cidade, incluindo o Mercado Municipal.<\/p>\n<p>Empenho de equipes:<br \/>\n&#8211; Apoio \u00e0 Festa das Na\u00e7\u00f5es;<br \/>\n&#8211; Apoio \u00e0 Fiscaliza\u00e7\u00e3o no Torneio Leiteiro de Penido;<\/p>\n<p><strong>S\u00e1bado:<\/strong><br \/>\n&#8211; Apoio \u00e0 Fiscaliza\u00e7\u00e3o nas rondas relativas ao Com\u00e9rcio Ambulante do centro.<\/p>\n<p><strong>Domingo:<\/strong><br \/>\n&#8211; Apoio \u00e0 Fiscaliza\u00e7\u00e3o na Feira da Avenida Brasil e na Feira da Pechincha<br \/>\n&#8211; Rondas no Parque Municipal, Parque da Lajinha, Morro do Imperador e Museu Mariano Proc\u00f3pio.<\/p>\n<p><strong>Empresa Municipal de Pavimenta\u00e7\u00e3o e Urbanidades (Empav)<\/strong>: Vai funcionar com todas as frentes durante o feriado: pavimenta\u00e7\u00e3o, tapa-buracos, poda de grama e de \u00e1rvore, ilumina\u00e7\u00e3o (na sexta)<\/p>\n<p><strong>Agentes de Transporte e Tr\u00e2nsito:<\/strong>\u00a0Os agentes de transporte e tr\u00e2nsito atuam no monitoramento e fiscaliza\u00e7\u00e3o vi\u00e1ria em toda a cidade. As equipes podem ser acionadas pelo n\u00famero 2104-7400.<\/p>\n<p><strong><em>Diferentemente do que foi divulgado anteriormente, a Prefeitura de Juiz de Fora informa que nesta quinta-feira, 19, Feriado de Corpus Christi, teremos gratuidade no transporte coletivo urbano.<\/em><\/strong><\/p>\n<p><strong>Defesa Civil:\u00a0<\/strong>A Defesa Civil atende 24h todos os dias, inclusive aos finais de semana e feriados para urg\u00eancia e emerg\u00eancia atrav\u00e9s do 199.<\/p>\n<p><strong>Mercado Municipal:\u00a0<\/strong>funcionar\u00e1 no primeiro piso: 8h \u00e0s 13h | Artesanato: 9h \u00e0s 13h| Gastronomia: 11h \u00e0s 18h. Na sexta-feira: Primeiro Piso: 8h \u00e0s 19h| Artesanato: 9h \u00e0s 19h| Gastronomia: 11h \u00e0s 22h e no s\u00e1bado tamb\u00e9m ter\u00e1 hor\u00e1rio especial: Primeiro Piso &#8211; 8h \u00e0s 18h| Artesanato &#8211; 9h \u00e0s 18h| Gastronomia &#8211; 11h \u00e0s 22h.<\/p>\n<p><strong>Restaurante Popular:<\/strong>\u00a0na quinta-feira, 19, e sexta-feira, 20, funcionar\u00e1 exclusivamente para as pessoas atendidas pela Assist\u00eancia Social.<\/p>\n<p><strong>Sa\u00fade:<\/strong>\u00a0Os servi\u00e7os de Urg\u00eancia e Emerg\u00eancia das Unidades de Pronto Atendimento (UPA), do Pronto Atendimento Nordeste, do Pronto Atendimento Infantil (PAI), Regional Leste e Hospital de Pronto Socorro (HPS), bem como a Central de Regula\u00e7\u00e3o de Vagas Hospitalares, permanecem em funcionamento 24 horas durante o per\u00edodo. O CAPS AD e o CAPS Casa Viva permanecem em funcionamento 24h durante o per\u00edodo.<\/p>\n<p>As Unidades B\u00e1sicas de Sa\u00fade (UBS) paralisam as atividades no final do turno da noite de quarta-feira (18). As atividades nas UBS\u2019s retornam na segunda-feira (23). O Departamento de Sa\u00fade da Mulher, Gestante, Crian\u00e7a e do Adolescente (DSMGCA), o Servi\u00e7o de Sa\u00fade do Idoso (Sasi), os Centros de Especialidades Odontol\u00f3gicas (CEO) e o PAM Marechal paralisam os atendimentos no final do turno da quarta-feira (18), e retornam na segunda-feira (23). O Departamento de Sa\u00fade Mental (DESM), o Centro de Aten\u00e7\u00e3o \u00e0 Sa\u00fade Mental (CASM)\/ Centro de Conviv\u00eancia Recriar (CCR), o Centro de Aten\u00e7\u00e3o Psicossocial (CAPS) Leste e CAPSi paralisam os atendimentos no final do turno da quarta-feira (18), e retornam na segunda-feira (23).<\/p>\n<p><strong>Casa da Mulher:<\/strong>\u00a0estar\u00e1 fechada nos dias 19 e 20 de junho, retornando o atendimento na segunda-feira, 23, a partir das 8h.<\/p>\n<p><strong>Assist\u00eancia Social:<\/strong>\u00a0os Centros Especializados de Assist\u00eancia Social (CREAS) e de Refer\u00eancia de Assist\u00eancia Social (CRAS) estar\u00e3o fechados nos dias 19 e 20 de junho, retornar\u00e3o \u00e0s atividades no dia 23. Os servi\u00e7os das Casas de Acolhimento, Casas de Passagem e Abordagem Social funcionar\u00e3o normalmente. Para mais informa\u00e7\u00f5es, entre em contato pelo telefone: 3690-7770.<\/p>\n<p><strong>Conselhos Tutelares:<\/strong>\u00a0Funcionar\u00e3o em esquema de plant\u00e3o, pelos telefones: Norte\/nordeste: 98429-4740; \/ Norte: 98506-2939; Centro\/sudeste: 98838-3193; Sul\/Oeste: 98431-4793; e Leste: 98463-0980.<\/p>\n<p><strong>Funalfa:\u00a0<\/strong>A sede da Funalfa, o Museu Ferrovi\u00e1rio, a Biblioteca Municipal Murilo Mendes e o Centro Cultural Dnar Rocha estar\u00e3o fechados. O CCBM s\u00f3 funcionar\u00e1 para atividades previamente agendadas, como ensaios. O Mercado Cultural AICE funcionar\u00e1 todos os dias. Haver\u00e1 espet\u00e1culo no Teatro Paschoal Carlos Magno nos dias 20, 21 e 22.<\/p>\n<p><strong>Parque Municipal:\u00a0<\/strong>O parque funciona normalmente todos os dias, das 8h \u00e0s 17h, com entrada at\u00e9 as 16h.<\/p>\n<p><strong>Pra\u00e7a CEU:<\/strong>\u00a0Secretaria estar\u00e1 fechada na quinta e sexta, 19 e 20 e s\u00e1bado e domingo, o funcionamento ser\u00e1 das 11h \u00e0s 18<\/p>\n<p><strong>Museu Mariano Proc\u00f3pio:<\/strong>\u00a0O parque funciona na quinta, 19, e na sexta, 20, das 8h \u00e0s 17h. O Museu funciona das 10h30 \u00e0s 16h.<\/p>\n<p><strong>Espa\u00e7o Cidade:<\/strong>\u00a0fechado para reformas at\u00e9 final de junho.<\/p>\n<p><strong>Parque da Lajinha:\u00a0<\/strong>O parque da Lajinha funciona normalmente nos dois dias, das 8h \u00e0s 17h, com \u00faltima entrada \u00e0s 16h30.<\/p>\n<p><strong>Ag\u00eancia de Prote\u00e7\u00e3o e Defesa do Consumidor (Procon):<\/strong>\u00a0n\u00e3o haver\u00e1 funcionamento durante o feriado.<\/p>\n<p><strong>Departamento de Informa\u00e7\u00e3o Geral e Atendimento (Diga):\u00a0<\/strong>As unidades do DIGA n\u00e3o funcionar\u00e3o no feriado.<\/p>\n<p><strong>Ouvidorias Municipais:\u00a0<\/strong>As Ouvidorias Municipais n\u00e3o funcionar\u00e3o nos dias 19 e 20 de junho, mas os cidad\u00e3os poder\u00e3o registrar suas manifesta\u00e7\u00f5es e Pedidos de Acesso \u00e0 Informa\u00e7\u00e3o por meio do site (juizdefora.eouve.com.br)<\/p>\n","protected":false},"excerpt":{"rendered":"<p>Segundo informa\u00e7\u00f5es do site da Prefeitura de Juiz de Fora (PJF), em fun\u00e7\u00e3o do feriado de Corpus Christi, na quinta-feira, 19, e do ponto facultativo, na sexta-feira, 20, os servi\u00e7os da Prefeitura de Juiz de Fora (PJF) ter\u00e3o altera\u00e7\u00f5es. Confira como fica o funcionamento dos servi\u00e7os ao p\u00fablico no feriado: Companhia de Saneamento Municipal (Cesama): [&hellip;]<\/p>\n","protected":false},"author":246,"featured_media":228892,"comment_status":"closed","ping_status":"closed","sticky":false,"template":"","format":"standard","meta":{"footnotes":""},"categories":[253,436,439],"tags":[],"class_list":["post-228891","post","type-post","status-publish","format-standard","has-post-thumbnail","hentry","category-cidade","category-destaque-da-semana","category-ultima-hora"],"_links":{"self":[{"href":"https:\/\/diarioregionaldigital.com.br\/index.php?rest_route=\/wp\/v2\/posts\/228891","targetHints":{"allow":["GET"]}}],"collection":[{"href":"https:\/\/diarioregionaldigital.com.br\/index.php?rest_route=\/wp\/v2\/posts"}],"about":[{"href":"https:\/\/diarioregionaldigital.com.br\/index.php?rest_route=\/wp\/v2\/types\/post"}],"author":[{"embeddable":true,"href":"https:\/\/diarioregionaldigital.com.br\/index.php?rest_route=\/wp\/v2\/users\/246"}],"replies":[{"embeddable":true,"href":"https:\/\/diarioregionaldigital.com.br\/index.php?rest_route=%2Fwp%2Fv2%2Fcomments&post=228891"}],"version-history":[{"count":1,"href":"https:\/\/diarioregionaldigital.com.br\/index.php?rest_route=\/wp\/v2\/posts\/228891\/revisions"}],"predecessor-version":[{"id":228893,"href":"https:\/\/diarioregionaldigital.com.br\/index.php?rest_route=\/wp\/v2\/posts\/228891\/revisions\/228893"}],"wp:featuredmedia":[{"embeddable":true,"href":"https:\/\/diarioregionaldigital.com.br\/index.php?rest_route=\/wp\/v2\/media\/228892"}],"wp:attachment":[{"href":"https:\/\/diarioregionaldigital.com.br\/index.php?rest_route=%2Fwp%2Fv2%2Fmedia&parent=228891"}],"wp:term":[{"taxonomy":"category","embeddable":true,"href":"https:\/\/diarioregionaldigital.com.br\/index.php?rest_route=%2Fwp%2Fv2%2Fcategories&post=228891"},{"taxonomy":"post_tag","embeddable":true,"href":"https:\/\/diarioregionaldigital.com.br\/index.php?rest_route=%2Fwp%2Fv2%2Ftags&post=228891"}],"curies":[{"name":"wp","href":"https:\/\/api.w.org\/{rel}","templated":true}]}}