{"id":228885,"date":"2025-06-18T20:28:28","date_gmt":"2025-06-18T23:28:28","guid":{"rendered":"https:\/\/diarioregionaldigital.com.br\/?p=228885"},"modified":"2025-06-18T20:28:28","modified_gmt":"2025-06-18T23:28:28","slug":"campanha-do-procon-atende-98-pessoas-e-foca-em-prevencao-de-golpes-financeiros-contra-idosos","status":"publish","type":"post","link":"https:\/\/diarioregionaldigital.com.br\/?p=228885","title":{"rendered":"Campanha do Procon atende 98 pessoas e foca em preven\u00e7\u00e3o de golpes financeiros contra idosos"},"content":{"rendered":"<p>Segundo informa\u00e7\u00f5es do site da Prefeitura de Juiz de Fora (PJF), a\u00a0Campanha de Prote\u00e7\u00e3o \u00e0s Finan\u00e7as da Pessoa Idosa, realizada pela Ag\u00eancia de Prote\u00e7\u00e3o e Defesa do Consumidor (Procon), entre os dias 16 e 18 de junho, atendeu 98 pessoas na Pra\u00e7a Deputado Clodesmidt Riani. A a\u00e7\u00e3o teve como foco a preven\u00e7\u00e3o de fraudes e o fortalecimento da prote\u00e7\u00e3o dos direitos dos consumidores idosos.<\/p>\n<p>Durante os tr\u00eas dias de campanha, as principais queixas citadas nos atendimentos foram empr\u00e9stimos n\u00e3o autorizados, cobran\u00e7as indevidas relacionadas aos cart\u00f5es de cr\u00e9dito n\u00e3o reconhecidos e problemas com a n\u00e3o entrega de produtos adquiridos. A maioria das demandas recebidas foi de pessoas idosas, p\u00fablico-alvo da iniciativa.<\/p>\n<p>Al\u00e9m do atendimento realizado pela equipe do \u201cProcon Aqui\u201d, a a\u00e7\u00e3o contou com atividades promovidas pela Casa da Mulher, da Secretaria de Direitos Humanos (SEDH), e da Ouvidoria Geral do Munic\u00edpio com a Ouvidoria Especial de Prote\u00e7\u00e3o \u00e0 Pessoa Idosa.<\/p>\n<p>Segundo Gisele Zaquini, gerente do Departamento de Estudos, Pesquisas e Projetos do Procon, a campanha alcan\u00e7ou seu prop\u00f3sito ao ampliar a divulga\u00e7\u00e3o dos servi\u00e7os voltados \u00e0s pessoas idosas em Juiz de Fora e promover orienta\u00e7\u00f5es para a preven\u00e7\u00e3o de fraudes e abusos financeiros. \u201cA campanha cumpriu seu objetivo de divulgar os servi\u00e7os prestados para as pessoas idosas e ofereceu informa\u00e7\u00f5es e servi\u00e7os como estrat\u00e9gia para auxiliar as pessoas idosas na preven\u00e7\u00e3o de fraudes e abusos financeiros.\u201d<\/p>\n<p>A campanha \u00e9 prevista pela Lei Municipal 14.195\/2021, que estabelece a realiza\u00e7\u00e3o da iniciativa na semana do dia 15 de junho, Dia Mundial de Conscientiza\u00e7\u00e3o da Viol\u00eancia Contra a Pessoa Idosa, refor\u00e7ando o compromisso do munic\u00edpio com a prote\u00e7\u00e3o dos consumidores idosos e a promo\u00e7\u00e3o de seus direitos.<\/p>\n<div><\/div>\n","protected":false},"excerpt":{"rendered":"<p>Segundo informa\u00e7\u00f5es do site da Prefeitura de Juiz de Fora (PJF), a\u00a0Campanha de Prote\u00e7\u00e3o \u00e0s Finan\u00e7as da Pessoa Idosa, realizada pela Ag\u00eancia de Prote\u00e7\u00e3o e Defesa do Consumidor (Procon), entre os dias 16 e 18 de junho, atendeu 98 pessoas na Pra\u00e7a Deputado Clodesmidt Riani. A a\u00e7\u00e3o teve como foco a preven\u00e7\u00e3o de fraudes e [&hellip;]<\/p>\n","protected":false},"author":246,"featured_media":228886,"comment_status":"closed","ping_status":"closed","sticky":false,"template":"","format":"standard","meta":{"footnotes":""},"categories":[253,436,439],"tags":[],"class_list":["post-228885","post","type-post","status-publish","format-standard","has-post-thumbnail","hentry","category-cidade","category-destaque-da-semana","category-ultima-hora"],"_links":{"self":[{"href":"https:\/\/diarioregionaldigital.com.br\/index.php?rest_route=\/wp\/v2\/posts\/228885","targetHints":{"allow":["GET"]}}],"collection":[{"href":"https:\/\/diarioregionaldigital.com.br\/index.php?rest_route=\/wp\/v2\/posts"}],"about":[{"href":"https:\/\/diarioregionaldigital.com.br\/index.php?rest_route=\/wp\/v2\/types\/post"}],"author":[{"embeddable":true,"href":"https:\/\/diarioregionaldigital.com.br\/index.php?rest_route=\/wp\/v2\/users\/246"}],"replies":[{"embeddable":true,"href":"https:\/\/diarioregionaldigital.com.br\/index.php?rest_route=%2Fwp%2Fv2%2Fcomments&post=228885"}],"version-history":[{"count":1,"href":"https:\/\/diarioregionaldigital.com.br\/index.php?rest_route=\/wp\/v2\/posts\/228885\/revisions"}],"predecessor-version":[{"id":228887,"href":"https:\/\/diarioregionaldigital.com.br\/index.php?rest_route=\/wp\/v2\/posts\/228885\/revisions\/228887"}],"wp:featuredmedia":[{"embeddable":true,"href":"https:\/\/diarioregionaldigital.com.br\/index.php?rest_route=\/wp\/v2\/media\/228886"}],"wp:attachment":[{"href":"https:\/\/diarioregionaldigital.com.br\/index.php?rest_route=%2Fwp%2Fv2%2Fmedia&parent=228885"}],"wp:term":[{"taxonomy":"category","embeddable":true,"href":"https:\/\/diarioregionaldigital.com.br\/index.php?rest_route=%2Fwp%2Fv2%2Fcategories&post=228885"},{"taxonomy":"post_tag","embeddable":true,"href":"https:\/\/diarioregionaldigital.com.br\/index.php?rest_route=%2Fwp%2Fv2%2Ftags&post=228885"}],"curies":[{"name":"wp","href":"https:\/\/api.w.org\/{rel}","templated":true}]}}