{"id":228882,"date":"2025-06-18T20:27:32","date_gmt":"2025-06-18T23:27:32","guid":{"rendered":"https:\/\/diarioregionaldigital.com.br\/?p=228882"},"modified":"2025-06-18T20:27:32","modified_gmt":"2025-06-18T23:27:32","slug":"juiz-de-fora-solidaria-no-frio-em-tres-dias-mais-de-300-cobertores-ja-foram-distribuidos","status":"publish","type":"post","link":"https:\/\/diarioregionaldigital.com.br\/?p=228882","title":{"rendered":"\u201cJuiz de Fora Solid\u00e1ria no Frio&#8221; &#8211; Em tr\u00eas dias, mais de 300 cobertores j\u00e1 foram distribu\u00eddos"},"content":{"rendered":"<p>Segundo informa\u00e7\u00f5es do site da Prefeitura de Juiz de Fora (PJF), 330\u00a0cobertores, meias adultas e infantis e cuecas foram entregues para 24\u00a0entidades e institui\u00e7\u00f5es que integram o Mesa da Cidadania. Este \u00e9 o balan\u00e7o dos tr\u00eas primeiros dias da campanha lan\u00e7ada pela Prefeitura de Juiz de Fora (PJF), \u201cJuiz de Fora Solid\u00e1ria no Frio&#8221;.<\/p>\n<p>A iniciativa faz parte do Plano de Conting\u00eancia para Situa\u00e7\u00f5es de Baixas Temperaturas e \u00e9 coordenada pela Secretaria Especial de Direitos Humanos (SEDH) com o objetivo de arrecadar cobertores, toucas, meias e luvas que j\u00e1 est\u00e3o sendo destinadas \u00e0s entidades\/institui\u00e7\u00f5es que fazem parte da Mesa da Cidadania. O grupo com mais de 100 representantes ser\u00e1 respons\u00e1vel pela distribui\u00e7\u00e3o do material para as pessoas em situa\u00e7\u00e3o de vulnerabilidade.<\/p>\n<p>Institui\u00e7\u00f5es que j\u00e1 iniciaram a distribui\u00e7\u00e3o: Casa Vida Viva, Ame Adonay, Projeto Aboli\u00e7\u00e3o,\u00a0Associa\u00e7\u00e3o para Mobiliza\u00e7\u00e3o Educacional e Beneficente, Associa\u00e7\u00e3o de Amigos do Autista, Proc\u00ea, M\u00e3o Amiga, Unidos pela Igualdade Social (UPIS), Bine &#8211; Instituto de Arte e Cultura, Brothers do Bem, Centro Social Casa, Semeando Amor, M\u00e9dicos do Barulho, Elos do Bem, Funda\u00e7\u00e3o Maria M\u00e3e, Louren\u00e7o Hip\u00f3lito, Provid\u00eancia Divina, Amor de M\u00e3e, Instituto F\u00eanix, M\u00e3os que Acolhem, Centro de Tecnologia Social de Torre\u00f5es e Amando o Mundo atrav\u00e9s do Amor de Deus (AMAAD).<\/p>\n<p><strong>As doa\u00e7\u00f5es podem ser feitas at\u00e9 30 de setembro. Confira onde fazer:<\/strong><\/p>\n<p>&#8211; Pr\u00e9dio-sede da PJF &#8211; Avenida Brasil, 2001, Centro, das 8h \u00e0s 18h;<\/p>\n<p>&#8211; Casa da Mulher &#8211; Avenida Garibaldi Campinhos, 169, Bairro Vitorino Braga, antigo pr\u00e9dio da Defesa Civil, das 7h30 \u00e0s 17h;<\/p>\n<p>&#8211; Secretaria de Igualdade Racial \/ Pa\u00e7o Municipal &#8211; Esquina da Rua Halfeld com a Avenida Rio Branco, das 8h \u00e0s 18h<\/p>\n","protected":false},"excerpt":{"rendered":"<p>Segundo informa\u00e7\u00f5es do site da Prefeitura de Juiz de Fora (PJF), 330\u00a0cobertores, meias adultas e infantis e cuecas foram entregues para 24\u00a0entidades e institui\u00e7\u00f5es que integram o Mesa da Cidadania. Este \u00e9 o balan\u00e7o dos tr\u00eas primeiros dias da campanha lan\u00e7ada pela Prefeitura de Juiz de Fora (PJF), \u201cJuiz de Fora Solid\u00e1ria no Frio&#8221;. A [&hellip;]<\/p>\n","protected":false},"author":246,"featured_media":228883,"comment_status":"closed","ping_status":"closed","sticky":false,"template":"","format":"standard","meta":{"footnotes":""},"categories":[253,436,440,439],"tags":[],"class_list":["post-228882","post","type-post","status-publish","format-standard","has-post-thumbnail","hentry","category-cidade","category-destaque-da-semana","category-destaques-do-dia","category-ultima-hora"],"_links":{"self":[{"href":"https:\/\/diarioregionaldigital.com.br\/index.php?rest_route=\/wp\/v2\/posts\/228882","targetHints":{"allow":["GET"]}}],"collection":[{"href":"https:\/\/diarioregionaldigital.com.br\/index.php?rest_route=\/wp\/v2\/posts"}],"about":[{"href":"https:\/\/diarioregionaldigital.com.br\/index.php?rest_route=\/wp\/v2\/types\/post"}],"author":[{"embeddable":true,"href":"https:\/\/diarioregionaldigital.com.br\/index.php?rest_route=\/wp\/v2\/users\/246"}],"replies":[{"embeddable":true,"href":"https:\/\/diarioregionaldigital.com.br\/index.php?rest_route=%2Fwp%2Fv2%2Fcomments&post=228882"}],"version-history":[{"count":1,"href":"https:\/\/diarioregionaldigital.com.br\/index.php?rest_route=\/wp\/v2\/posts\/228882\/revisions"}],"predecessor-version":[{"id":228884,"href":"https:\/\/diarioregionaldigital.com.br\/index.php?rest_route=\/wp\/v2\/posts\/228882\/revisions\/228884"}],"wp:featuredmedia":[{"embeddable":true,"href":"https:\/\/diarioregionaldigital.com.br\/index.php?rest_route=\/wp\/v2\/media\/228883"}],"wp:attachment":[{"href":"https:\/\/diarioregionaldigital.com.br\/index.php?rest_route=%2Fwp%2Fv2%2Fmedia&parent=228882"}],"wp:term":[{"taxonomy":"category","embeddable":true,"href":"https:\/\/diarioregionaldigital.com.br\/index.php?rest_route=%2Fwp%2Fv2%2Fcategories&post=228882"},{"taxonomy":"post_tag","embeddable":true,"href":"https:\/\/diarioregionaldigital.com.br\/index.php?rest_route=%2Fwp%2Fv2%2Ftags&post=228882"}],"curies":[{"name":"wp","href":"https:\/\/api.w.org\/{rel}","templated":true}]}}