{"id":228879,"date":"2025-06-18T20:04:36","date_gmt":"2025-06-18T23:04:36","guid":{"rendered":"https:\/\/diarioregionaldigital.com.br\/?p=228879"},"modified":"2025-06-18T20:04:36","modified_gmt":"2025-06-18T23:04:36","slug":"time-da-base-do-sp-comemora-conquista-no-campeonato-feminino","status":"publish","type":"post","link":"https:\/\/diarioregionaldigital.com.br\/?p=228879","title":{"rendered":"Time da base do SP comemora conquista no Campeonato Feminino"},"content":{"rendered":"<p><strong>O time feminino do S\u00e3o Paulo derrotou na tarde desta quarta-feira (18) o Internacional por 1 a 0, pelo Campeonato Brasileiro Feminino de Futebol<\/strong>, com gol marcado por Aline Milene. Com a vit\u00f3ria, o tricolor paulista se classificou para as quartas-de-final na terceira coloca\u00e7\u00e3o, atr\u00e1s de Cruzeiro e Corinthians. J\u00e1 o Inter se despediu da competi\u00e7\u00e3o.<img decoding=\"async\" src=\"https:\/\/agenciabrasil.ebc.com.br\/ebc.png?id=1647589&amp;o=node\" \/><img decoding=\"async\" src=\"https:\/\/agenciabrasil.ebc.com.br\/ebc.gif?id=1647589&amp;o=node\" \/><\/p>\n<p><strong>O jogo foi assistido no Museu do Futebol pelas atletas do time de base sub-20 do S\u00e3o Paulo. A\u00a0<a href=\"https:\/\/agenciabrasil.ebc.com.br\/esportes\/noticia\/2025-06\/sp-torcedores-acompanham-o-campeonato-feminino-no-museu-do-futebol\">transmiss\u00e3o foi da TV Brasil<\/a>.\u00a0<\/strong><\/p>\n<blockquote><p>\u201cEu achei que o S\u00e3o Paulo teve um bom desempenho. A gente conseguiu acionar bastante bolas diretas, ent\u00e3o isso foi um ponto forte, porque o gramado n\u00e3o estava t\u00e3o adequado assim. Mas conseguimos ter um bom resultado\u201d, disse J\u00falia Dutra Xavier, atleta do sub-20 do tricolor.<\/p><\/blockquote>\n<p>A coordenadora t\u00e9cnica da base feminina do tricolor, Adriana Tiga, concorda.<\/p>\n<blockquote><p>\u201cO [t\u00e9cnico Thiago] Viana poupou algumas jogadoras, mas achei que elas fizeram um bom jogo, com destaque para a Carol Gil, lateral esquerda. Achei que ela foi muito bem [na partida]. O importante \u00e9 a vit\u00f3ria e os tr\u00eas pontos\u201d, comemorou ela, ap\u00f3s ter assistido \u00e0 partida transmitida pela TV Brasil no Museu do Futebol.<\/p><\/blockquote>\n<p><strong>Ambas apostam que a equipe do S\u00e3o Paulo pode chegar \u00e0s finais da competi\u00e7\u00e3o.<\/strong><\/p>\n<p>\u201cTenho certeza absoluta que estar\u00e1 nas finais\u201d, garantiu a coordenadora, citando como os advers\u00e1rios mais dif\u00edceis para o tricolor na fase de mata-mata as equipes do Corinthians, da Ferrovi\u00e1ria e do Cruzeiro.<\/p>\n<p>\u201cO S\u00e3o Paulo tem pe\u00e7as muito boas, tem jogadoras muito competentes, muito esfor\u00e7adas. Espero um bom resultado, eu espero que elas consigam chegar nas finais. Elas t\u00eam feito um bom trabalho e t\u00eam jogado muito bem. \u00c9 s\u00f3 continuar com essa sequ\u00eancia\u201d, acrescentou a atleta.<\/p>\n<p>Fonte: Ag\u00eancia Brasil<\/p>\n","protected":false},"excerpt":{"rendered":"<p>O time feminino do S\u00e3o Paulo derrotou na tarde desta quarta-feira (18) o Internacional por 1 a 0, pelo Campeonato Brasileiro Feminino de Futebol, com gol marcado por Aline Milene. Com a vit\u00f3ria, o tricolor paulista se classificou para as quartas-de-final na terceira coloca\u00e7\u00e3o, atr\u00e1s de Cruzeiro e Corinthians. J\u00e1 o Inter se despediu da [&hellip;]<\/p>\n","protected":false},"author":246,"featured_media":228880,"comment_status":"closed","ping_status":"closed","sticky":false,"template":"","format":"standard","meta":{"footnotes":""},"categories":[436,257,439],"tags":[],"class_list":["post-228879","post","type-post","status-publish","format-standard","has-post-thumbnail","hentry","category-destaque-da-semana","category-esporte","category-ultima-hora"],"_links":{"self":[{"href":"https:\/\/diarioregionaldigital.com.br\/index.php?rest_route=\/wp\/v2\/posts\/228879","targetHints":{"allow":["GET"]}}],"collection":[{"href":"https:\/\/diarioregionaldigital.com.br\/index.php?rest_route=\/wp\/v2\/posts"}],"about":[{"href":"https:\/\/diarioregionaldigital.com.br\/index.php?rest_route=\/wp\/v2\/types\/post"}],"author":[{"embeddable":true,"href":"https:\/\/diarioregionaldigital.com.br\/index.php?rest_route=\/wp\/v2\/users\/246"}],"replies":[{"embeddable":true,"href":"https:\/\/diarioregionaldigital.com.br\/index.php?rest_route=%2Fwp%2Fv2%2Fcomments&post=228879"}],"version-history":[{"count":1,"href":"https:\/\/diarioregionaldigital.com.br\/index.php?rest_route=\/wp\/v2\/posts\/228879\/revisions"}],"predecessor-version":[{"id":228881,"href":"https:\/\/diarioregionaldigital.com.br\/index.php?rest_route=\/wp\/v2\/posts\/228879\/revisions\/228881"}],"wp:featuredmedia":[{"embeddable":true,"href":"https:\/\/diarioregionaldigital.com.br\/index.php?rest_route=\/wp\/v2\/media\/228880"}],"wp:attachment":[{"href":"https:\/\/diarioregionaldigital.com.br\/index.php?rest_route=%2Fwp%2Fv2%2Fmedia&parent=228879"}],"wp:term":[{"taxonomy":"category","embeddable":true,"href":"https:\/\/diarioregionaldigital.com.br\/index.php?rest_route=%2Fwp%2Fv2%2Fcategories&post=228879"},{"taxonomy":"post_tag","embeddable":true,"href":"https:\/\/diarioregionaldigital.com.br\/index.php?rest_route=%2Fwp%2Fv2%2Ftags&post=228879"}],"curies":[{"name":"wp","href":"https:\/\/api.w.org\/{rel}","templated":true}]}}