{"id":228868,"date":"2025-06-18T19:55:49","date_gmt":"2025-06-18T22:55:49","guid":{"rendered":"https:\/\/diarioregionaldigital.com.br\/?p=228868"},"modified":"2025-06-18T19:55:49","modified_gmt":"2025-06-18T22:55:49","slug":"governo-de-minas-anuncia-a-4a-edicao-do-projeto-trilhas-de-futuro-educadores","status":"publish","type":"post","link":"https:\/\/diarioregionaldigital.com.br\/?p=228868","title":{"rendered":"Governo de Minas anuncia a 4\u00aa edi\u00e7\u00e3o do projeto Trilhas de Futuro Educadores"},"content":{"rendered":"<p>A valoriza\u00e7\u00e3o dos profissionais da educa\u00e7\u00e3o acaba de ganhar mais um importante refor\u00e7o. O\u00a0<a href=\"https:\/\/www.mg.gov.br\/\" target=\"_blank\" rel=\"noopener\">Governo de Minas<\/a>, por meio da\u00a0<a href=\"https:\/\/www.educacao.mg.gov.br\/\" target=\"_blank\" rel=\"noopener\">Secretaria de Estado de Educa\u00e7\u00e3o (SEE\/MG)<\/a>, anunciou\u00a0a 4\u00aa edi\u00e7\u00e3o do\u00a0<a href=\"https:\/\/trilhaseducadores.mg.gov.br\/\" target=\"_blank\" rel=\"noopener\">Trilhas de Futuro Educadores<\/a>, que oferece cursos de p\u00f3s-gradua\u00e7\u00e3o lato sensu e stricto sensu, gratuitamente, para servidores efetivos e est\u00e1veis da rede estadual.<\/p>\n<p>Nesta edi\u00e7\u00e3o, ser\u00e3o ofertadas 250 vagas para cursos de mestrado, com forma\u00e7\u00f5es presenciais e semipresenciais realizadas por institui\u00e7\u00f5es de ensino superior (IES) credenciadas. O objetivo \u00e9 ampliar a qualifica\u00e7\u00e3o dos educadores e, com isso, contribuir diretamente para a melhoria da qualidade do ensino p\u00fablico em todo o estado. A previs\u00e3o \u00e9 que as inscri\u00e7\u00f5es para os servidores interessados nas vagas de mestrado sejam abertas no segundo semestre.<\/p>\n<table border=\"0\" cellspacing=\"1\" cellpadding=\"1\" align=\"center\">\n<tbody>\n<tr>\n<td colspan=\"5\"><img decoding=\"async\" src=\"https:\/\/www.agenciaminas.mg.gov.br\/ckeditor_assets\/pictures\/20949\/content_2_olho_topo.jpg\" alt=\"\" \/><\/td>\n<\/tr>\n<tr>\n<td><\/td>\n<td colspan=\"3\" rowspan=\"3\">\n<h1><strong>&#8220;Este \u00e9 o primeiro passo para que esses profissionais possam voltar a estudar, se especializar, crescer na carreira e, claro, levar esse conhecimento para dentro das escolas, ajudando a melhorar ainda mais a nossa educa\u00e7\u00e3o p\u00fablica&#8221;, destacou o governador em exerc\u00edcio Mateus Sim\u00f5es.<\/strong><\/h1>\n<\/td>\n<td><\/td>\n<\/tr>\n<tr>\n<td><\/td>\n<td><\/td>\n<\/tr>\n<tr>\n<td><\/td>\n<td><\/td>\n<\/tr>\n<tr>\n<td colspan=\"5\"><img decoding=\"async\" src=\"https:\/\/www.agenciaminas.mg.gov.br\/ckeditor_assets\/pictures\/20950\/content_2_olho_inferior.jpg\" alt=\"\" \/><\/td>\n<\/tr>\n<\/tbody>\n<\/table>\n<p>A reabertura do edital de credenciamento n\u00ba 01\/2025 foi publicada no\u00a0<a href=\"https:\/\/www.jornalminasgerais.mg.gov.br\/index.php?dataJornal=2025-06-17\" target=\"_blank\" rel=\"noopener\">Di\u00e1rio Oficial do Estado de Minas Gerais<\/a>\u00a0dessa ter\u00e7a-feira (17\/6) e pode ser acessada\u00a0<a href=\"https:\/\/www.educacao.mg.gov.br\/a-secretaria\/concursos-e-editais\/trilhas-de-futuro-educadores-2025\/\" target=\"_blank\" rel=\"noopener\">neste\u00a0link<\/a>.<\/p>\n<p>Desde sua cria\u00e7\u00e3o, o Trilhas de Futuro Educadores j\u00e1 beneficiou mais de 9,4 mil profissionais em todo o estado, com vagas em cursos de aperfei\u00e7oamento, especializa\u00e7\u00e3o, mestrado e doutorado, promovendo o desenvolvimento profissional cont\u00ednuo e o fortalecimento da rede estadual de ensino. At\u00e9 o momento, 6,2 mil servidores conclu\u00edram cursos de aperfei\u00e7oamento e p\u00f3s-gradua\u00e7\u00e3o lato e stricto sensu.<\/p>\n<p><strong>Credenciamento das institui\u00e7\u00f5es<\/strong><\/p>\n<p>O credenciamento de institui\u00e7\u00f5es interessadas em participar desta edi\u00e7\u00e3o ocorrer\u00e1 de 23\/6 a 4\/7. A documenta\u00e7\u00e3o necess\u00e1ria deve ser enviada por meio do Sistema Eletr\u00f4nico de Informa\u00e7\u00f5es (SEI), conforme detalhado no edital.<\/p>\n<p>Poder\u00e3o se credenciar institui\u00e7\u00f5es p\u00fablicas ou privadas que ofertam cursos de p\u00f3s-gradua\u00e7\u00e3o stricto sensu (mestrado) nas seguintes \u00e1reas tem\u00e1ticas: Gest\u00e3o de Projetos; Gest\u00e3o P\u00fablica e Sociedade; Pol\u00edticas Educacionais; Gest\u00e3o e Avalia\u00e7\u00e3o da Educa\u00e7\u00e3o P\u00fablica; Educa\u00e7\u00e3o de Jovens e Adultos; Doc\u00eancia &#8211; Forma\u00e7\u00e3o, Trabalho e Pr\u00e1ticas Educativas; Gest\u00e3o da Inova\u00e7\u00e3o; Educa\u00e7\u00e3o Ambiental; Gest\u00e3o Financeira Escolar e Educa\u00e7\u00e3o Especial Inclusiva.<\/p>\n<figure class=\"image\"><img decoding=\"async\" src=\"https:\/\/www.agenciaminas.mg.gov.br\/ckeditor_assets\/pictures\/23080\/content_whatsapp_image_2025-06-16_at_16_25_58_2.jpeg\" alt=\"\" \/><figcaption><sub><em>A professora da rede estadual e estudante do Trilhas Educadores, Josiane Ferreira<br \/>\nCr\u00e9dito: Arquivo Pessoal<\/em><\/sub><\/figcaption><\/figure>\n<p>As institui\u00e7\u00f5es j\u00e1 credenciadas em edi\u00e7\u00f5es anteriores, com documenta\u00e7\u00e3o vigente, tamb\u00e9m poder\u00e3o participar. Para isso, devem apresentar uma nova proposta t\u00e9cnico-pedag\u00f3gica, conforme as exig\u00eancias do edital.<\/p>\n<p>Mais informa\u00e7\u00f5es sobre o processo de credenciamento est\u00e3o dispon\u00edveis\u00a0<a href=\"https:\/\/trilhaseducadores.mg.gov.br\/\" target=\"_blank\" rel=\"noopener\">site oficial do Trilhas de Futuro Educadores<\/a>. D\u00favidas podem ser encaminhadas para o e-mail:\u00a0<a href=\"mailto:duvidas.trilhaseducadores@educacao.mg.gov.br\">duvidas.trilhaseducadores@educacao.mg.gov.br<\/a>.<\/p>\n<p><strong>Forma\u00e7\u00e3o com impacto internacional<\/strong><\/p>\n<p>Entre os exemplos de impacto do projeto est\u00e1 a professora de ingl\u00eas Josiane Ferreira, que atualmente cursa mestrado na Faculdade Dom Helder C\u00e2mara, por meio do Trilhas de Futuro Educadores. Recentemente, ela e outros tr\u00eas colegas tiveram artigos aprovados para apresenta\u00e7\u00e3o no Congresso Internacional de Direito, realizado entre os dias 28 e 30\/5, na cidade de Perugia, na It\u00e1lia.<\/p>\n<table border=\"0\" cellspacing=\"1\" cellpadding=\"1\" align=\"center\">\n<tbody>\n<tr>\n<td colspan=\"5\"><img decoding=\"async\" src=\"https:\/\/www.agenciaminas.mg.gov.br\/ckeditor_assets\/pictures\/20949\/content_2_olho_topo.jpg\" alt=\"\" \/><\/td>\n<\/tr>\n<tr>\n<td><\/td>\n<td colspan=\"3\" rowspan=\"3\">\n<h1><strong>&#8220;Nos meus minutos de apresenta\u00e7\u00e3o, expliquei como cheguei at\u00e9 l\u00e1 pelo Trilhas. Representantes de v\u00e1rios estados do Brasil e da pr\u00f3pria It\u00e1lia ficaram admirados com o projeto&#8221;, \u00a0relata a professora Josiane.<\/strong><\/h1>\n<\/td>\n<td><\/td>\n<\/tr>\n<tr>\n<td><\/td>\n<td><\/td>\n<\/tr>\n<tr>\n<td><\/td>\n<td><\/td>\n<\/tr>\n<tr>\n<td colspan=\"5\"><img decoding=\"async\" src=\"https:\/\/www.agenciaminas.mg.gov.br\/ckeditor_assets\/pictures\/20950\/content_2_olho_inferior.jpg\" alt=\"\" \/><\/td>\n<\/tr>\n<\/tbody>\n<\/table>\n<p>A participa\u00e7\u00e3o foi viabilizada com apoio institucional do projeto, que garantiu o afastamento legal dos educadores. A jornada rumo \u00e0 certifica\u00e7\u00e3o inclui uma s\u00e9rie de exig\u00eancias acad\u00eamicas, entre elas a produ\u00e7\u00e3o cient\u00edfica. A aprova\u00e7\u00e3o de artigos em congressos internacionais representa um marco importante na trajet\u00f3ria de forma\u00e7\u00e3o dos participantes.<\/p>\n<p>A experi\u00eancia na It\u00e1lia, que reuniu especialistas de renome internacional, foi considerada um divisor de \u00e1guas na forma\u00e7\u00e3o dos educadores mineiros, ampliando horizontes acad\u00eamicos e culturais com impacto direto na pr\u00e1tica docente.<\/p>\n<p>Fonte: Ag\u00eancia Minas<\/p>\n","protected":false},"excerpt":{"rendered":"<p>A valoriza\u00e7\u00e3o dos profissionais da educa\u00e7\u00e3o acaba de ganhar mais um importante refor\u00e7o. O\u00a0Governo de Minas, por meio da\u00a0Secretaria de Estado de Educa\u00e7\u00e3o (SEE\/MG), anunciou\u00a0a 4\u00aa edi\u00e7\u00e3o do\u00a0Trilhas de Futuro Educadores, que oferece cursos de p\u00f3s-gradua\u00e7\u00e3o lato sensu e stricto sensu, gratuitamente, para servidores efetivos e est\u00e1veis da rede estadual. Nesta edi\u00e7\u00e3o, ser\u00e3o ofertadas 250 [&hellip;]<\/p>\n","protected":false},"author":246,"featured_media":228869,"comment_status":"closed","ping_status":"closed","sticky":false,"template":"","format":"standard","meta":{"footnotes":""},"categories":[436,261,254,439],"tags":[],"class_list":["post-228868","post","type-post","status-publish","format-standard","has-post-thumbnail","hentry","category-destaque-da-semana","category-economia","category-politica","category-ultima-hora"],"_links":{"self":[{"href":"https:\/\/diarioregionaldigital.com.br\/index.php?rest_route=\/wp\/v2\/posts\/228868","targetHints":{"allow":["GET"]}}],"collection":[{"href":"https:\/\/diarioregionaldigital.com.br\/index.php?rest_route=\/wp\/v2\/posts"}],"about":[{"href":"https:\/\/diarioregionaldigital.com.br\/index.php?rest_route=\/wp\/v2\/types\/post"}],"author":[{"embeddable":true,"href":"https:\/\/diarioregionaldigital.com.br\/index.php?rest_route=\/wp\/v2\/users\/246"}],"replies":[{"embeddable":true,"href":"https:\/\/diarioregionaldigital.com.br\/index.php?rest_route=%2Fwp%2Fv2%2Fcomments&post=228868"}],"version-history":[{"count":2,"href":"https:\/\/diarioregionaldigital.com.br\/index.php?rest_route=\/wp\/v2\/posts\/228868\/revisions"}],"predecessor-version":[{"id":228871,"href":"https:\/\/diarioregionaldigital.com.br\/index.php?rest_route=\/wp\/v2\/posts\/228868\/revisions\/228871"}],"wp:featuredmedia":[{"embeddable":true,"href":"https:\/\/diarioregionaldigital.com.br\/index.php?rest_route=\/wp\/v2\/media\/228869"}],"wp:attachment":[{"href":"https:\/\/diarioregionaldigital.com.br\/index.php?rest_route=%2Fwp%2Fv2%2Fmedia&parent=228868"}],"wp:term":[{"taxonomy":"category","embeddable":true,"href":"https:\/\/diarioregionaldigital.com.br\/index.php?rest_route=%2Fwp%2Fv2%2Fcategories&post=228868"},{"taxonomy":"post_tag","embeddable":true,"href":"https:\/\/diarioregionaldigital.com.br\/index.php?rest_route=%2Fwp%2Fv2%2Ftags&post=228868"}],"curies":[{"name":"wp","href":"https:\/\/api.w.org\/{rel}","templated":true}]}}