{"id":228865,"date":"2025-06-18T19:54:19","date_gmt":"2025-06-18T22:54:19","guid":{"rendered":"https:\/\/diarioregionaldigital.com.br\/?p=228865"},"modified":"2025-06-18T19:54:19","modified_gmt":"2025-06-18T22:54:19","slug":"saiba-quais-servicos-do-governo-de-minas-abrem-e-fecham-durante-o-feriado-de-corpus-christi","status":"publish","type":"post","link":"https:\/\/diarioregionaldigital.com.br\/?p=228865","title":{"rendered":"Saiba quais servi\u00e7os do Governo de Minas abrem e fecham durante o feriado de Corpus Christi"},"content":{"rendered":"<p><strong>Escolas estaduais \u2013\u00a0<\/strong>Segundo a\u00a0<a href=\"https:\/\/www.educacao.mg.gov.br\/\" target=\"_blank\" rel=\"noopener\">Secretaria de Estado de Educa\u00e7\u00e3o (SEE-MG)<\/a>, as escolas da rede p\u00fablica estadual de ensino estar\u00e3o fechadas nesta quinta-feira (19\/6) e na sexta-feira (20\/6), conforme o Calend\u00e1rio Escolar 2025.<\/p>\n<p><strong>UAIs \u2013<\/strong>\u00a0As Unidades de Atendimento Integrado (UAIs) de Minas Gerais n\u00e3o ter\u00e3o expediente nesta\u00a0quinta (19\/6) e na sexta-feira (20\/6), devido ao feriado de Corpus Christi e ao ponto facultativo, respectivamente. A UAI Aeroporto, localizada no Aeroporto Internacional de Belo Horizonte, em Confins, \u00e9 a \u00fanica unidade que funciona aos s\u00e1bados e ter\u00e1 atendimento normal no dia 21\/6. O funcionamento das demais ser\u00e1 retomado na segunda-feira (23\/6).<\/p>\n<p><strong>Ipsemg \u2013<\/strong>\u00a0O\u00a0<a href=\"https:\/\/www.ipsemg.mg.gov.br\/\" target=\"_blank\" rel=\"noopener\">Instituto de Previd\u00eancia dos Servidores do Estado de Minas Gerais (Ipsemg)<\/a>\u00a0informa que haver\u00e1 ponto facultativo nos dias 19\/6 e 20\/6. Por esse motivo, as unidades pr\u00f3prias e regionais estar\u00e3o fechadas, salvo os servi\u00e7os de natureza m\u00e9dico-hospitalar de urg\u00eancia e emerg\u00eancia credenciados, que podem ser consultados\u00a0<a href=\"https:\/\/www.ipsemg.mg.gov.br\/credenciado\" target=\"_blank\" rel=\"noopener\">neste link<\/a>.<\/p>\n<p><strong>Farm\u00e1cia de Minas \u2013<\/strong>\u00a0A\u00a0<a href=\"https:\/\/www.saude.mg.gov.br\/\" target=\"_blank\" rel=\"noopener\">Secretaria de Estado de Sa\u00fade de Minas Gerais<\/a>\u00a0informa que, em decorr\u00eancia do feriado de Corpus Christi, n\u00e3o ocorrer\u00e1 atendimento nas Farm\u00e1cias de Minas nos dias 19\/6 e 20\/6.<\/p>\n<p><strong>Hemominas \u2013<\/strong>\u00a0As unidades funcionar\u00e3o nos dias e hor\u00e1rios indicados\u00a0<a href=\"https:\/\/www.hemominas.mg.gov.br\/destaques\/4275-hemominas-informa-alteracao-no-funcionamento-das-unidades-na-semana-de-corpus-christi\" target=\"_blank\" rel=\"noopener\">neste link<\/a>.<\/p>\n<p>Fonte: Ag\u00eancia Minas<\/p>\n","protected":false},"excerpt":{"rendered":"<p>Escolas estaduais \u2013\u00a0Segundo a\u00a0Secretaria de Estado de Educa\u00e7\u00e3o (SEE-MG), as escolas da rede p\u00fablica estadual de ensino estar\u00e3o fechadas nesta quinta-feira (19\/6) e na sexta-feira (20\/6), conforme o Calend\u00e1rio Escolar 2025. UAIs \u2013\u00a0As Unidades de Atendimento Integrado (UAIs) de Minas Gerais n\u00e3o ter\u00e3o expediente nesta\u00a0quinta (19\/6) e na sexta-feira (20\/6), devido ao feriado de Corpus [&hellip;]<\/p>\n","protected":false},"author":246,"featured_media":228866,"comment_status":"closed","ping_status":"closed","sticky":false,"template":"","format":"standard","meta":{"footnotes":""},"categories":[436,440,261,254,439],"tags":[],"class_list":["post-228865","post","type-post","status-publish","format-standard","has-post-thumbnail","hentry","category-destaque-da-semana","category-destaques-do-dia","category-economia","category-politica","category-ultima-hora"],"_links":{"self":[{"href":"https:\/\/diarioregionaldigital.com.br\/index.php?rest_route=\/wp\/v2\/posts\/228865","targetHints":{"allow":["GET"]}}],"collection":[{"href":"https:\/\/diarioregionaldigital.com.br\/index.php?rest_route=\/wp\/v2\/posts"}],"about":[{"href":"https:\/\/diarioregionaldigital.com.br\/index.php?rest_route=\/wp\/v2\/types\/post"}],"author":[{"embeddable":true,"href":"https:\/\/diarioregionaldigital.com.br\/index.php?rest_route=\/wp\/v2\/users\/246"}],"replies":[{"embeddable":true,"href":"https:\/\/diarioregionaldigital.com.br\/index.php?rest_route=%2Fwp%2Fv2%2Fcomments&post=228865"}],"version-history":[{"count":1,"href":"https:\/\/diarioregionaldigital.com.br\/index.php?rest_route=\/wp\/v2\/posts\/228865\/revisions"}],"predecessor-version":[{"id":228867,"href":"https:\/\/diarioregionaldigital.com.br\/index.php?rest_route=\/wp\/v2\/posts\/228865\/revisions\/228867"}],"wp:featuredmedia":[{"embeddable":true,"href":"https:\/\/diarioregionaldigital.com.br\/index.php?rest_route=\/wp\/v2\/media\/228866"}],"wp:attachment":[{"href":"https:\/\/diarioregionaldigital.com.br\/index.php?rest_route=%2Fwp%2Fv2%2Fmedia&parent=228865"}],"wp:term":[{"taxonomy":"category","embeddable":true,"href":"https:\/\/diarioregionaldigital.com.br\/index.php?rest_route=%2Fwp%2Fv2%2Fcategories&post=228865"},{"taxonomy":"post_tag","embeddable":true,"href":"https:\/\/diarioregionaldigital.com.br\/index.php?rest_route=%2Fwp%2Fv2%2Ftags&post=228865"}],"curies":[{"name":"wp","href":"https:\/\/api.w.org\/{rel}","templated":true}]}}