{"id":228862,"date":"2025-06-18T19:52:41","date_gmt":"2025-06-18T22:52:41","guid":{"rendered":"https:\/\/diarioregionaldigital.com.br\/?p=228862"},"modified":"2025-06-18T19:52:41","modified_gmt":"2025-06-18T22:52:41","slug":"governo-de-minas-participa-de-evento-preparatorio-para-a-cop-30-na-alemanha","status":"publish","type":"post","link":"https:\/\/diarioregionaldigital.com.br\/?p=228862","title":{"rendered":"Governo de Minas participa de evento preparat\u00f3rio para a COP 30 na Alemanha"},"content":{"rendered":"<p>O\u00a0<a href=\"https:\/\/www.mg.gov.br\/\" target=\"_blank\" rel=\"noopener\">Governo de Minas<\/a>, por meio da\u00a0<a href=\"https:\/\/meioambiente.mg.gov.br\/\" target=\"_blank\" rel=\"noopener\">Secretaria de Estado de Meio Ambiente e Desenvolvimento Sustent\u00e1vel de Minas Gerais (Semad-MG)<\/a>, participa, nesta semana, da 62\u00aa Sess\u00e3o dos \u00d3rg\u00e3os Subsidi\u00e1rios da Conven\u00e7\u00e3o-Quadro das Na\u00e7\u00f5es Unidas sobre Mudan\u00e7a do Clima (SB62 da UNFCCC), realizada em Bonn, na Alemanha.<\/p>\n<p>O encontro \u00e9 um dos principais marcos do calend\u00e1rio clim\u00e1tico global e serve de base t\u00e9cnica e pol\u00edtica para a COP30, que ocorrer\u00e1 em novembro de 2025, em Bel\u00e9m (PA).<\/p>\n<p>Organizada pela UNFCCC, a SB62 re\u00fane dois \u00f3rg\u00e3os permanentes: o SBSTA, voltado ao assessoramento cient\u00edfico e t\u00e9cnico; e o SBI, respons\u00e1vel por acompanhar a implementa\u00e7\u00e3o dos compromissos clim\u00e1ticos assumidos pelos pa\u00edses.<\/p>\n<p>A participa\u00e7\u00e3o da Semad refor\u00e7a o protagonismo de Minas Gerais nas discuss\u00f5es ambientais internacionais e destaca o papel dos governos subnacionais no combate \u00e0s mudan\u00e7as clim\u00e1ticas.<\/p>\n<p><strong>Minas na agenda global<\/strong><\/p>\n<p>Representando a pasta, o secret\u00e1rio de Estado Adjunto de Meio Ambiente, Leonardo Monteiro Rodrigues, destacou o fortalecimento de estados e munic\u00edpios no processo de constru\u00e7\u00e3o de compromissos clim\u00e1ticos.<\/p>\n<p>\u201cO legado que est\u00e1 sendo deixado para a COP30 \u00e9 esse empoderamento, especialmente da cidade e dos estados. No Sul Global, nossa realidade \u00e9 diferente do Norte. Precisamos conciliar o ambiental com o social e o econ\u00f4mico, porque temos que desenvolver o pa\u00eds para tirar as pessoas da mis\u00e9ria\u201d, afirmou.<\/p>\n<p>A superintendente de Qualidade Ambiental e Mudan\u00e7as Clim\u00e1ticas da Semad, Renata Maria de Ara\u00fajo, tamb\u00e9m participa da miss\u00e3o e destacou a relev\u00e2ncia das discuss\u00f5es t\u00e9cnicas.<\/p>\n<p>\u201cNa SB62, encontramos subs\u00eddios fundamentais para debater as\u00a0Contribui\u00e7\u00f5es Nacionalmente Determinadas (NDCs). Esses compromissos estabelecem metas e prazos para a redu\u00e7\u00e3o de emiss\u00f5es e fortalecimento da resili\u00eancia dos territ\u00f3rios. S\u00e3o instrumentos para transformar ambi\u00e7\u00e3o em a\u00e7\u00e3o, o que \u00e9 o\u00a0foco da COP30\u201d, explicou.<\/p>\n<p><strong>Da ambi\u00e7\u00e3o \u00e0 a\u00e7\u00e3o<\/strong><\/p>\n<p>A proposta da COP30 de sediar uma agenda de implementa\u00e7\u00e3o clim\u00e1tica representa um avan\u00e7o relevante no processo multilateral, ao buscar fortalecer a transi\u00e7\u00e3o do debate para a a\u00e7\u00e3o.<\/p>\n<p>A confer\u00eancia pretende incentivar a concretiza\u00e7\u00e3o dos compromissos assumidos, com aten\u00e7\u00e3o especial a resultados, financiamento e solu\u00e7\u00f5es alinhadas \u00e0s realidades locais.<\/p>\n<p>Essa abordagem se conecta diretamente com as iniciativas j\u00e1 em curso em Minas Gerais. Desde 2021, o Estado adotou metas pr\u00f3prias no Plano Estadual de A\u00e7\u00e3o Clim\u00e1tica (PLAC), com foco em mitiga\u00e7\u00e3o, adapta\u00e7\u00e3o e transi\u00e7\u00e3o justa. As metas integram o sistema estadual de Monitoramento, Reporte e Verifica\u00e7\u00e3o (MRV)\u00a0clim\u00e1tico, criando uma base s\u00f3lida para avalia\u00e7\u00e3o de impactos e avan\u00e7os.<\/p>\n<p>O PLAC est\u00e1 estruturado em eixos tem\u00e1ticos e a\u00e7\u00f5es mensur\u00e1veis, antecipando a l\u00f3gica de implementa\u00e7\u00e3o que agora ganha for\u00e7a global. Minas mostra que os governos subnacionais s\u00e3o estrat\u00e9gicos para transformar ambi\u00e7\u00f5es clim\u00e1ticas em entregas reais \u00e0 sociedade.<\/p>\n<p><strong>Prepara\u00e7\u00e3o para a COP30<\/strong><\/p>\n<p>A SB62 marca o \u00faltimo ciclo completo de negocia\u00e7\u00f5es t\u00e9cnicas antes da COP30 e \u00e9 fundamental para mapear consensos e impasses que ir\u00e3o orientar as decis\u00f5es pol\u00edticas em Bel\u00e9m. Al\u00e9m de representantes dos pa\u00edses, o evento integra governos estaduais, setor privado e sociedade civil, funcionando como uma plataforma de di\u00e1logo multissetorial.<\/p>\n<p>As decis\u00f5es tomadas ajudar\u00e3o a transformar compromissos clim\u00e1ticos em a\u00e7\u00f5es pr\u00e1ticas, com regras, m\u00e9tricas e metodologias claras para aplica\u00e7\u00e3o nos territ\u00f3rios.<\/p>\n<p>A participa\u00e7\u00e3o de Minas Gerais reafirma o compromisso do Estado com a agenda clim\u00e1tica global e com a constru\u00e7\u00e3o de solu\u00e7\u00f5es sustent\u00e1veis, realistas e inclusivas\u00a0para enfrentar a crise ambiental planet\u00e1ria.<\/p>\n<p>Fonte: Ag\u00eancia Minas<\/p>\n","protected":false},"excerpt":{"rendered":"<p>O\u00a0Governo de Minas, por meio da\u00a0Secretaria de Estado de Meio Ambiente e Desenvolvimento Sustent\u00e1vel de Minas Gerais (Semad-MG), participa, nesta semana, da 62\u00aa Sess\u00e3o dos \u00d3rg\u00e3os Subsidi\u00e1rios da Conven\u00e7\u00e3o-Quadro das Na\u00e7\u00f5es Unidas sobre Mudan\u00e7a do Clima (SB62 da UNFCCC), realizada em Bonn, na Alemanha. O encontro \u00e9 um dos principais marcos do calend\u00e1rio clim\u00e1tico global [&hellip;]<\/p>\n","protected":false},"author":246,"featured_media":228863,"comment_status":"closed","ping_status":"closed","sticky":false,"template":"","format":"standard","meta":{"footnotes":""},"categories":[436,440,261,254,439],"tags":[],"class_list":["post-228862","post","type-post","status-publish","format-standard","has-post-thumbnail","hentry","category-destaque-da-semana","category-destaques-do-dia","category-economia","category-politica","category-ultima-hora"],"_links":{"self":[{"href":"https:\/\/diarioregionaldigital.com.br\/index.php?rest_route=\/wp\/v2\/posts\/228862","targetHints":{"allow":["GET"]}}],"collection":[{"href":"https:\/\/diarioregionaldigital.com.br\/index.php?rest_route=\/wp\/v2\/posts"}],"about":[{"href":"https:\/\/diarioregionaldigital.com.br\/index.php?rest_route=\/wp\/v2\/types\/post"}],"author":[{"embeddable":true,"href":"https:\/\/diarioregionaldigital.com.br\/index.php?rest_route=\/wp\/v2\/users\/246"}],"replies":[{"embeddable":true,"href":"https:\/\/diarioregionaldigital.com.br\/index.php?rest_route=%2Fwp%2Fv2%2Fcomments&post=228862"}],"version-history":[{"count":1,"href":"https:\/\/diarioregionaldigital.com.br\/index.php?rest_route=\/wp\/v2\/posts\/228862\/revisions"}],"predecessor-version":[{"id":228864,"href":"https:\/\/diarioregionaldigital.com.br\/index.php?rest_route=\/wp\/v2\/posts\/228862\/revisions\/228864"}],"wp:featuredmedia":[{"embeddable":true,"href":"https:\/\/diarioregionaldigital.com.br\/index.php?rest_route=\/wp\/v2\/media\/228863"}],"wp:attachment":[{"href":"https:\/\/diarioregionaldigital.com.br\/index.php?rest_route=%2Fwp%2Fv2%2Fmedia&parent=228862"}],"wp:term":[{"taxonomy":"category","embeddable":true,"href":"https:\/\/diarioregionaldigital.com.br\/index.php?rest_route=%2Fwp%2Fv2%2Fcategories&post=228862"},{"taxonomy":"post_tag","embeddable":true,"href":"https:\/\/diarioregionaldigital.com.br\/index.php?rest_route=%2Fwp%2Fv2%2Ftags&post=228862"}],"curies":[{"name":"wp","href":"https:\/\/api.w.org\/{rel}","templated":true}]}}