{"id":228854,"date":"2025-06-17T20:08:47","date_gmt":"2025-06-17T23:08:47","guid":{"rendered":"https:\/\/diarioregionaldigital.com.br\/?p=228854"},"modified":"2025-06-17T20:08:47","modified_gmt":"2025-06-17T23:08:47","slug":"juiz-de-fora-solidaria-no-frio-entidades-iniciam-a-distribuicao-de-cobertores","status":"publish","type":"post","link":"https:\/\/diarioregionaldigital.com.br\/?p=228854","title":{"rendered":"Juiz de Fora Solid\u00e1ria no Frio &#8211; Entidades iniciam a distribui\u00e7\u00e3o de cobertores"},"content":{"rendered":"<p>Segundo informa\u00e7\u00f5es do site da Prefeitura de Juiz de Fora (PJF), pelo quinto ano consecutivo, a Prefeitura de Juiz de Fora (PJF) lan\u00e7ou a campanha \u201cJuiz de Fora Solid\u00e1ria no Frio&#8221;. A iniciativa faz parte do Plano de Conting\u00eancia para Situa\u00e7\u00f5es de Baixas Temperaturas, \u00e9 coordenada pela Secretaria Especial de Direitos Humanos (SEDH) e tem o objetivo de arrecadar cobertores, toucas, meias e luvas que ser\u00e3o destinados \u00e0s entidades\/institui\u00e7\u00f5es que fazem parte da Mesa da Cidadania. O grupo com mais de 100 representantes ser\u00e1 respons\u00e1vel pela distribui\u00e7\u00e3o do material para as pessoas em situa\u00e7\u00e3o de vulnerabilidade.<\/p>\n<div id=\"box_texto_noticia\">\n<p>No segundo dia de arrecada\u00e7\u00e3o, volunt\u00e1rios das institui\u00e7\u00f5es compareceram \u00e0 SEDH para recolher alguns itens. Cerca de 200\u00a0 cobertores e meias foram oferecidos pelas equipes participantes da Copa Prefeitura de Futsal, projeto da Secret\u00e1ria de Esporte e Lazer (SEL), al\u00e9m de doa\u00e7\u00f5es da comunidade.<\/p>\n<p>As doa\u00e7\u00f5es podem ser feitas at\u00e9 30 de setembro. Confira onde fazer:<\/p>\n<p>&#8211; Pr\u00e9dio-sede da PJF &#8211; Avenida Brasil, 2001, Centro, das 8h \u00e0s 18h;<\/p>\n<p>&#8211; Casa da Mulher &#8211; Avenida Garibaldi Campinhos, 169, Bairro Vitorino Braga, antigo pr\u00e9dio da Defesa Civil, das 7h30 \u00e0s 17h;<\/p>\n<p>&#8211; Secretaria de Igualdade Racial \/ Pa\u00e7o Municipal &#8211; Esquina da Rua Halfeld com a Avenida Rio Branco, das 8h \u00e0s 18h<\/p>\n<\/div>\n<p>&nbsp;<\/p>\n","protected":false},"excerpt":{"rendered":"<p>Segundo informa\u00e7\u00f5es do site da Prefeitura de Juiz de Fora (PJF), pelo quinto ano consecutivo, a Prefeitura de Juiz de Fora (PJF) lan\u00e7ou a campanha \u201cJuiz de Fora Solid\u00e1ria no Frio&#8221;. A iniciativa faz parte do Plano de Conting\u00eancia para Situa\u00e7\u00f5es de Baixas Temperaturas, \u00e9 coordenada pela Secretaria Especial de Direitos Humanos (SEDH) e tem [&hellip;]<\/p>\n","protected":false},"author":246,"featured_media":228855,"comment_status":"closed","ping_status":"closed","sticky":false,"template":"","format":"standard","meta":{"footnotes":""},"categories":[253,436,440,439],"tags":[],"class_list":["post-228854","post","type-post","status-publish","format-standard","has-post-thumbnail","hentry","category-cidade","category-destaque-da-semana","category-destaques-do-dia","category-ultima-hora"],"_links":{"self":[{"href":"https:\/\/diarioregionaldigital.com.br\/index.php?rest_route=\/wp\/v2\/posts\/228854","targetHints":{"allow":["GET"]}}],"collection":[{"href":"https:\/\/diarioregionaldigital.com.br\/index.php?rest_route=\/wp\/v2\/posts"}],"about":[{"href":"https:\/\/diarioregionaldigital.com.br\/index.php?rest_route=\/wp\/v2\/types\/post"}],"author":[{"embeddable":true,"href":"https:\/\/diarioregionaldigital.com.br\/index.php?rest_route=\/wp\/v2\/users\/246"}],"replies":[{"embeddable":true,"href":"https:\/\/diarioregionaldigital.com.br\/index.php?rest_route=%2Fwp%2Fv2%2Fcomments&post=228854"}],"version-history":[{"count":1,"href":"https:\/\/diarioregionaldigital.com.br\/index.php?rest_route=\/wp\/v2\/posts\/228854\/revisions"}],"predecessor-version":[{"id":228856,"href":"https:\/\/diarioregionaldigital.com.br\/index.php?rest_route=\/wp\/v2\/posts\/228854\/revisions\/228856"}],"wp:featuredmedia":[{"embeddable":true,"href":"https:\/\/diarioregionaldigital.com.br\/index.php?rest_route=\/wp\/v2\/media\/228855"}],"wp:attachment":[{"href":"https:\/\/diarioregionaldigital.com.br\/index.php?rest_route=%2Fwp%2Fv2%2Fmedia&parent=228854"}],"wp:term":[{"taxonomy":"category","embeddable":true,"href":"https:\/\/diarioregionaldigital.com.br\/index.php?rest_route=%2Fwp%2Fv2%2Fcategories&post=228854"},{"taxonomy":"post_tag","embeddable":true,"href":"https:\/\/diarioregionaldigital.com.br\/index.php?rest_route=%2Fwp%2Fv2%2Ftags&post=228854"}],"curies":[{"name":"wp","href":"https:\/\/api.w.org\/{rel}","templated":true}]}}