{"id":228845,"date":"2025-06-17T20:03:48","date_gmt":"2025-06-17T23:03:48","guid":{"rendered":"https:\/\/diarioregionaldigital.com.br\/?p=228845"},"modified":"2025-06-17T20:03:48","modified_gmt":"2025-06-17T23:03:48","slug":"governo-de-minas-anuncia-abertura-de-edital-do-complexo-de-saude-do-hospital-padre-eustaquio","status":"publish","type":"post","link":"https:\/\/diarioregionaldigital.com.br\/?p=228845","title":{"rendered":"Governo de Minas anuncia abertura de edital do Complexo de Sa\u00fade do Hospital Padre Eust\u00e1quio"},"content":{"rendered":"<p>O governador de Minas Gerais em exerc\u00edcio, Mateus Sim\u00f5es, anunciou nesta ter\u00e7a-feira (17\/6), na 38\u00aa edi\u00e7\u00e3o do congresso do Conselho Nacional de Secretarias Municipais de Sa\u00fade (Conasems), a abertura do edital de Parceria P\u00fablico-Privada (PPP), que visa a constru\u00e7\u00e3o, equipagem, opera\u00e7\u00e3o, manuten\u00e7\u00e3o e presta\u00e7\u00e3o de servi\u00e7os n\u00e3o final\u00edsticos (n\u00e3o assistenciais e n\u00e3o laboratoriais) do Complexo de Sa\u00fade Hospitalar Padre Eust\u00e1quio (HoPE).<\/p>\n<p>\u201cHoje, n\u00f3s marcamos um momento muito importante na hist\u00f3ria da estrutura hospitalar do estado de Minas Gerais. O Hospital Padre Eust\u00e1quio, foi modelado dentro do que existe de mais moderno em pr\u00e1ticas e t\u00e9cnicas de uma PPP no mundo. Um hospital que vai permitir 30 mil interna\u00e7\u00f5es por ano, com mais de 500 leitos e cerca de oito blocos cir\u00fargicos,\u201d anunciou Mateus Sim\u00f5es.<\/p>\n<p>Com estrutura moderna e 100% voltada ao atendimento pelo Sistema \u00danico de Sa\u00fade (SUS), o novo complexo representa um dos maiores investimentos da sa\u00fade p\u00fablica mineira nas \u00faltimas d\u00e9cadas. O projeto prev\u00ea investimento de R$ 2,57 bilh\u00f5es, somando as fases de implanta\u00e7\u00e3o e opera\u00e7\u00e3o ao longo dos pr\u00f3ximos 30 anos. O financiamento vir\u00e1 de recursos do Acordo de Repara\u00e7\u00e3o firmado com a Vale, voltado a projetos com alto impacto social.<\/p>\n<p>\u201c\u00c9 uma PPP em que n\u00e3o h\u00e1 interven\u00e7\u00e3o na atua\u00e7\u00e3o m\u00e9dica, no controle das equipes m\u00e9dicas. Estamos falando de uma estrutura de pr\u00e9dio e servi\u00e7os para a sa\u00fade, para que n\u00f3s possamos fazer o que a gente faz melhor, que \u00e9 prestar assist\u00eancia adequada a cada um dos mineiros. Belo Horizonte vai ganhar muito com isso, mas junto com a capital mineira, a Regi\u00e3o Metropolitana e o estado ganham porque teremos a condi\u00e7\u00e3o de atender mais pacientes gerando um desafogo para o resto do estado\u201d, ressaltou o vice-governador.<\/p>\n<p><strong>Diagn\u00f3sticos mais r\u00e1pidos, estrutura integrada<\/strong><\/p>\n<p>O HoPE contar\u00e1 com uma infraestrutura integrada de sa\u00fade p\u00fablica, reunindo cinco linhas de cuidado \u2013 oncologia, infectologia, pediatria, hematologia, maternidade e sa\u00fade da mulher \u2013 e o Laborat\u00f3rio Central de Sa\u00fade P\u00fablica de Minas Gerais (Lacen\/MG). A iniciativa busca acelerar exames e procedimentos de m\u00e9dia e alta complexidade, proporcionando mais qualidade no atendimento.<\/p>\n<p>O complexo vai promover ainda a intera\u00e7\u00e3o do Lacen\/MG ao hospital, otimizando diagn\u00f3sticos e a tomada de decis\u00f5es em sa\u00fade p\u00fablica. Entre os benef\u00edcios diretos para a popula\u00e7\u00e3o, est\u00e3o consultas especializadas mais r\u00e1pidas, acesso aos exames de alta tecnologia e resposta eficiente em situa\u00e7\u00f5es de emerg\u00eancia, de interesse epidemiol\u00f3gico e de controle sanit\u00e1rio.<\/p>\n<p><strong>Modelo j\u00e1 testado e com foco na efici\u00eancia e nos resultados<\/strong><\/p>\n<p>A gest\u00e3o do Complexo de Sa\u00fade HoPE ser\u00e1 dividida entre o parceiro privado e o Estado. Pela modelagem da PPP, a empresa vencedora ser\u00e1 respons\u00e1vel por servi\u00e7os de apoio n\u00e3o final\u00edsticos, como a limpeza, alimenta\u00e7\u00e3o, lavanderia e seguran\u00e7a, enquanto a assist\u00eancia \u00e0 sa\u00fade e os exames laboratoriais seguir\u00e3o sob gest\u00e3o controle da\u00a0<a href=\"https:\/\/www.fhemig.mg.gov.br\/\" target=\"_blank\" rel=\"noopener\">Fhemig<\/a>\u00a0e da\u00a0<a href=\"https:\/\/www.funed.mg.gov.br\/\" target=\"_blank\" rel=\"noopener\">Funed<\/a>, respectivamente, funda\u00e7\u00f5es estaduais de sa\u00fade.<\/p>\n<p>Atualmente, essas funda\u00e7\u00f5es estaduais de sa\u00fade administram mais de 200 contratos distintos. Com a chegada do HoPE, esse arcabou\u00e7o ser\u00e1 substitu\u00eddo por um \u00fanico contrato, simplificando a gest\u00e3o, aumentando a efici\u00eancia e eliminando sobreposi\u00e7\u00e3o de processos \u2014 sem preju\u00edzo aos direitos dos servidores.<\/p>\n<p>Fonte: Ag\u00eancia Minas<\/p>\n","protected":false},"excerpt":{"rendered":"<p>O governador de Minas Gerais em exerc\u00edcio, Mateus Sim\u00f5es, anunciou nesta ter\u00e7a-feira (17\/6), na 38\u00aa edi\u00e7\u00e3o do congresso do Conselho Nacional de Secretarias Municipais de Sa\u00fade (Conasems), a abertura do edital de Parceria P\u00fablico-Privada (PPP), que visa a constru\u00e7\u00e3o, equipagem, opera\u00e7\u00e3o, manuten\u00e7\u00e3o e presta\u00e7\u00e3o de servi\u00e7os n\u00e3o final\u00edsticos (n\u00e3o assistenciais e n\u00e3o laboratoriais) do Complexo [&hellip;]<\/p>\n","protected":false},"author":246,"featured_media":228846,"comment_status":"closed","ping_status":"closed","sticky":false,"template":"","format":"standard","meta":{"footnotes":""},"categories":[436,440,261,254,439],"tags":[],"class_list":["post-228845","post","type-post","status-publish","format-standard","has-post-thumbnail","hentry","category-destaque-da-semana","category-destaques-do-dia","category-economia","category-politica","category-ultima-hora"],"_links":{"self":[{"href":"https:\/\/diarioregionaldigital.com.br\/index.php?rest_route=\/wp\/v2\/posts\/228845","targetHints":{"allow":["GET"]}}],"collection":[{"href":"https:\/\/diarioregionaldigital.com.br\/index.php?rest_route=\/wp\/v2\/posts"}],"about":[{"href":"https:\/\/diarioregionaldigital.com.br\/index.php?rest_route=\/wp\/v2\/types\/post"}],"author":[{"embeddable":true,"href":"https:\/\/diarioregionaldigital.com.br\/index.php?rest_route=\/wp\/v2\/users\/246"}],"replies":[{"embeddable":true,"href":"https:\/\/diarioregionaldigital.com.br\/index.php?rest_route=%2Fwp%2Fv2%2Fcomments&post=228845"}],"version-history":[{"count":1,"href":"https:\/\/diarioregionaldigital.com.br\/index.php?rest_route=\/wp\/v2\/posts\/228845\/revisions"}],"predecessor-version":[{"id":228847,"href":"https:\/\/diarioregionaldigital.com.br\/index.php?rest_route=\/wp\/v2\/posts\/228845\/revisions\/228847"}],"wp:featuredmedia":[{"embeddable":true,"href":"https:\/\/diarioregionaldigital.com.br\/index.php?rest_route=\/wp\/v2\/media\/228846"}],"wp:attachment":[{"href":"https:\/\/diarioregionaldigital.com.br\/index.php?rest_route=%2Fwp%2Fv2%2Fmedia&parent=228845"}],"wp:term":[{"taxonomy":"category","embeddable":true,"href":"https:\/\/diarioregionaldigital.com.br\/index.php?rest_route=%2Fwp%2Fv2%2Fcategories&post=228845"},{"taxonomy":"post_tag","embeddable":true,"href":"https:\/\/diarioregionaldigital.com.br\/index.php?rest_route=%2Fwp%2Fv2%2Ftags&post=228845"}],"curies":[{"name":"wp","href":"https:\/\/api.w.org\/{rel}","templated":true}]}}