{"id":228832,"date":"2025-06-16T19:46:45","date_gmt":"2025-06-16T22:46:45","guid":{"rendered":"https:\/\/diarioregionaldigital.com.br\/?p=228832"},"modified":"2025-06-16T19:46:45","modified_gmt":"2025-06-16T22:46:45","slug":"bem-casado-175-casais-legitimam-uniao-no-parque-municipal","status":"publish","type":"post","link":"https:\/\/diarioregionaldigital.com.br\/?p=228832","title":{"rendered":"Bem Casado \u2013 175 casais legitimam uni\u00e3o no Parque Municipal"},"content":{"rendered":"<p>Segundo informa\u00e7\u00f5es do site da Prefeitura de Juiz de Fora (PJF), integrando as comemora\u00e7\u00f5es pelos 175 anos de Juiz de Fora, a cidade ganhou mais um presente de anivers\u00e1rio com a celebra\u00e7\u00e3o do casamento de 175 casais no Parque Municipal no \u00faltimo dia 13 de junho, data em que se celebra Santo Ant\u00f4nio, o padroeiro da cidade.<\/p>\n<div id=\"box_texto_noticia\">\n<p>O \u201cBem Casado\u201d, promovido pela Prefeitura de Juiz de Fora (PJF), legitimou gratuitamente a uni\u00e3o dos casais com direito ao casamento civil, cerim\u00f4nia oficial e festa para noivos, padrinhos, pajens, damas e convidados.<\/p>\n<p>Os noivos se encontraram em uma estrutura montada no espa\u00e7o p\u00fablico onde receberam das m\u00e3os da prefeita Margarida Salom\u00e3o a certid\u00e3o de casamento. \u201cDesejamos aos noivos, noivas e suas fam\u00edlias muitas felicidades\u201d, destacou a prefeita.<\/p>\n<p>A organiza\u00e7\u00e3o do evento foi da Secretaria Especial de Direitos Humanos (SEDH). A cerim\u00f4nia foi conduzida pelo secret\u00e1rio, Biel Rocha, que destacou a emo\u00e7\u00e3o em ver os 175 casais, escrevendo um novo cap\u00edtulo de suas trajet\u00f3rias. \u201cO amor n\u00e3o pode esperar por condi\u00e7\u00f5es perfeitas, cada hist\u00f3ria merece ser legitimada com dignidade e festa. \u201cPor meio do Bem Casado, a Prefeita Margarida Salom\u00e3o n\u00e3o apenas ofereceu seguran\u00e7a jur\u00eddica e apoio, ela deu um abra\u00e7o coletivo em nossa comunidade. Um gesto que valoriza o afeto em todas as suas formas, que enxerga as dificuldades e transforma vulnerabilidade em oportunidade de felicidade\u201d.<\/p>\n<p>A ben\u00e7\u00e3o foi feita pela te\u00f3loga e secret\u00e1ria de Desenvolvimento Urbano com Participa\u00e7\u00e3o Popular, Cidinha Louzada, que ressaltou a diversidade das hist\u00f3rias e o compromisso assumido pelos casais. \u201cOnde existe amor, existe esperan\u00e7a\u201d.<\/p>\n<p>As noivas Eliane Porto e Aletice Nascimento destacaram que o momento era de realiza\u00e7\u00e3o de sonhos. \u201cMinha palavra \u00e9 gratid\u00e3o para todos envolvidos nesta iniciativa\u201d, disse Eliane. J\u00e1 Aletice, ressaltou que s\u00e3o 25 anos de expectativa para o momento.<\/p>\n<p>A m\u00fasica ficou por conta do grupo \u201cSamba do Galo\u201d.<\/p>\n<p><strong>Parceiros<\/strong><\/p>\n<p>O dia come\u00e7ou com maquiagem e cabelo na Cecon &#8211; Rede de Ensino.Ap\u00f3s a cerim\u00f4nia os noivos e convidados puderem festejar com bolo, salgadinhos, refrigerante, doces, e bem-casados, oferecidos pela Dispropan e a F\u00e1brica de Doces Brasil. A\u00a0<em>Chef Confeiteira e Especialista em Chantilly,\u00a0<\/em>Al\u00ea Prado, participou do evento confeitando ao vivo um bolo no espa\u00e7o de fotos para os casais. Tamb\u00e9m colaboram para a iniciativa os cart\u00f3rios Cobucci, Villela, Benfica e Monte Verde.<\/p>\n<\/div>\n<p>&nbsp;<\/p>\n","protected":false},"excerpt":{"rendered":"<p>Segundo informa\u00e7\u00f5es do site da Prefeitura de Juiz de Fora (PJF), integrando as comemora\u00e7\u00f5es pelos 175 anos de Juiz de Fora, a cidade ganhou mais um presente de anivers\u00e1rio com a celebra\u00e7\u00e3o do casamento de 175 casais no Parque Municipal no \u00faltimo dia 13 de junho, data em que se celebra Santo Ant\u00f4nio, o padroeiro [&hellip;]<\/p>\n","protected":false},"author":246,"featured_media":228833,"comment_status":"closed","ping_status":"closed","sticky":false,"template":"","format":"standard","meta":{"footnotes":""},"categories":[253,436,440,439],"tags":[],"class_list":["post-228832","post","type-post","status-publish","format-standard","has-post-thumbnail","hentry","category-cidade","category-destaque-da-semana","category-destaques-do-dia","category-ultima-hora"],"_links":{"self":[{"href":"https:\/\/diarioregionaldigital.com.br\/index.php?rest_route=\/wp\/v2\/posts\/228832","targetHints":{"allow":["GET"]}}],"collection":[{"href":"https:\/\/diarioregionaldigital.com.br\/index.php?rest_route=\/wp\/v2\/posts"}],"about":[{"href":"https:\/\/diarioregionaldigital.com.br\/index.php?rest_route=\/wp\/v2\/types\/post"}],"author":[{"embeddable":true,"href":"https:\/\/diarioregionaldigital.com.br\/index.php?rest_route=\/wp\/v2\/users\/246"}],"replies":[{"embeddable":true,"href":"https:\/\/diarioregionaldigital.com.br\/index.php?rest_route=%2Fwp%2Fv2%2Fcomments&post=228832"}],"version-history":[{"count":1,"href":"https:\/\/diarioregionaldigital.com.br\/index.php?rest_route=\/wp\/v2\/posts\/228832\/revisions"}],"predecessor-version":[{"id":228834,"href":"https:\/\/diarioregionaldigital.com.br\/index.php?rest_route=\/wp\/v2\/posts\/228832\/revisions\/228834"}],"wp:featuredmedia":[{"embeddable":true,"href":"https:\/\/diarioregionaldigital.com.br\/index.php?rest_route=\/wp\/v2\/media\/228833"}],"wp:attachment":[{"href":"https:\/\/diarioregionaldigital.com.br\/index.php?rest_route=%2Fwp%2Fv2%2Fmedia&parent=228832"}],"wp:term":[{"taxonomy":"category","embeddable":true,"href":"https:\/\/diarioregionaldigital.com.br\/index.php?rest_route=%2Fwp%2Fv2%2Fcategories&post=228832"},{"taxonomy":"post_tag","embeddable":true,"href":"https:\/\/diarioregionaldigital.com.br\/index.php?rest_route=%2Fwp%2Fv2%2Ftags&post=228832"}],"curies":[{"name":"wp","href":"https:\/\/api.w.org\/{rel}","templated":true}]}}