{"id":228829,"date":"2025-06-16T19:35:40","date_gmt":"2025-06-16T22:35:40","guid":{"rendered":"https:\/\/diarioregionaldigital.com.br\/?p=228829"},"modified":"2025-06-16T19:35:40","modified_gmt":"2025-06-16T22:35:40","slug":"embalado-brasil-faz-3-a-0-na-invicta-eslovenia-na-liga-das-nacoes","status":"publish","type":"post","link":"https:\/\/diarioregionaldigital.com.br\/?p=228829","title":{"rendered":"Embalado, Brasil faz 3 a 0 na invicta Eslov\u00eania na Liga das Na\u00e7\u00f5es"},"content":{"rendered":"<p>Em processo de renova\u00e7\u00e3o, a sele\u00e7\u00e3o brasileira masculina de v\u00f4lei, n\u00famero 7 do mundo, cravou neste domingo (15) uma s\u00f3lida vit\u00f3ria\u00a0(3 sets a 0) sobre a Eslov\u00eania, terceira no ranking mundial e at\u00e9 ent\u00e3o invicta na Liga das Na\u00e7\u00f5es. Com uma atua\u00e7\u00e3o impec\u00e1vel no \u00faltimo confronto no Gin\u00e1sio do Maracan\u00e3zino, no Rio de Janeiro, o Brasil encerra a primeira semana do torneio na terceira posi\u00e7\u00e3o.<img decoding=\"async\" src=\"https:\/\/agenciabrasil.ebc.com.br\/ebc.png?id=1647061&amp;o=node\" \/><img decoding=\"async\" src=\"https:\/\/agenciabrasil.ebc.com.br\/ebc.gif?id=1647061&amp;o=node\" \/><\/p>\n<p>O pa\u00eds tem agora nove pontos na\u00a0<a href=\"https:\/\/en.volleyballworld.com\/volleyball\/competitions\/volleyball-nations-league\/standings\/men\/\"><strong>classifica\u00e7\u00e3o geral\u00a0<\/strong><\/a>&#8211; tr\u00eas vit\u00f3rias (Ir\u00e3, Ucr\u00e2nia e Eslov\u00eania) e uma derrota (Cuba) -, mesmo total do Jap\u00e3o (2\u00ba), \u00e0 frente da sele\u00e7\u00e3o na tabela pelo crit\u00e9rio de desempate por saldo de sets. N\u00famero 1 do mundo e ainda invicta no torneio, a Pol\u00f4nia lidera com 12 pontos. A sele\u00e7\u00e3o brasileira descansa a pr\u00f3xima semana e volta a competir de 25 a 29 de junho, em Chicago (Estados Unidos) contra mais quatro advers\u00e1rios: Canad\u00e1, China, It\u00e1lia e Pol\u00f4nia.<\/p>\n<p>Diferentemente da sofrida vit\u00f3ria\u00a0de virada contra a Ucr\u00e2nia no s\u00e1bado (14) no\u00a0<em>tie-break<\/em>,\u00a0a equipe brasileira esbanjou concentra\u00e7\u00e3o em quadra desde o in\u00edcio da partida. O time escalado pelo t\u00e9cnico Bernardinho foi o mesmo que virou o placar contra os ucranianos no s\u00e1bado (14). Confiantes, Maique (l\u00edbero), Alan (oposto), Lucas Bergmann e Honorato (ambos ponteiros), Judson e Fl\u00e1vio\/capit\u00e3o (centrais) e Cachopa (levantador) \u2013 debutando como titular da amarelinha em competi\u00e7\u00e3o internacional \u2013 ganharam com tranquilidade o primeiro set\u00a0por 25\/19.<\/p>\n<p>A segunda parcial foi a mais equilibrada. Mesmo com maior volume de jogo, boa recep\u00e7\u00e3o de Maique e variedade na distribui\u00e7\u00e3o de Cachopa, a Eslov\u00eania esbo\u00e7ou uma rea\u00e7\u00e3o, sacando mais forte e refor\u00e7ando o bloqueio. Abriram vantagem no meio do set, em 17\/16 e tiveram a chance do empate liderando o placar por 24\/21. Quando o set parecia definido a favor dos europeus, a resili\u00eancia da amarelinha fez a diferen\u00e7a. Honorato diminuiu a desvantagem para 24 a 22 e, na sequ\u00eancia, Darlan entrou em quadra para acertar um\u00a0<em>ace<\/em>\u00a0de saque, deixando o Brasil a um ponto do empate. Honorato anotou mais um e igualou o placar e da\u00ed em diante os times se revezaram na dianteira, at\u00e9 o bloqueio monstruoso de Judson que encerrou o embate por 29\/27 a favor dos\u00a0brasileiros.<\/p>\n<p>Com moral alto, a sele\u00e7\u00e3o sobrou em quadra na terceira parcial, principalmente nos contra-ataques. Um dos destaques foi Lukas Bergmann,com uma sequ\u00eancia de acertos no bloqueio , ataque e no saque, com direito a\u00a0<em>ace<\/em> que colocou o Brasil em vantagem de 16\/10. Diante de uma torcida da torcida brasileira estasiada, a sele\u00e7\u00e3o fechou a \u00faltima parcial em 25\/1, selando a vit\u00f3ria com autoridade por 3 sets a 0.<\/p>\n<p>Pelo segundo jogo consecutivo, o maior Alan foi o maior pontuador, com 13 pontos (12 de ataque e um de bloqueio), mas hoje dividiu o protagonismo com Honorato (11 de ataque e dois de bloqueio) e Lukas Bergmann (8 de aquaque, 3 de bloqueio e 2 aces), que tamb\u00e9m anotaram 13 pontos para o Brasil.<\/p>\n<p>Ap\u00f3s a vit\u00f3ria, Alan avaliou o desempenho da sele\u00e7\u00e3o contra os eslovenos.<\/p>\n<p>\u201cDepois de fazer dois\u00a0<em>tie-breaks<\/em>\u00a0de 3 sets a 2 [contra Cuba e Ucr\u00e2nia] e conseguir 3 a 0 contra a Eslov\u00eania, que \u00e9 uma equipe muito forte, isso d\u00e1 mais confian\u00e7a ainda para o time. Hoje a gente entrou, conseguiu imprimir nosso ritmo, no segundo set a gente estava perdendo, mexemos ali, Darlan entrou e fez um bom saque, a gente conseguiu recuperar e ganhar. Isto mostra total for\u00e7a da nossa equipe. \u00c9 s\u00f3 da\u00ed para mais, a gente vai evoluir bastante na Liga, e eu espero que a gente l\u00e1 no p\u00f3dio, conseguindo levantar a medalhinha\u201d, projetou o oposto, em entrevista \u00e0 SporTV, emissora oficial da competi\u00e7\u00e3o.<\/p>\n<h2>Formato da competi\u00e7\u00e3o<\/h2>\n<p>A competi\u00e7\u00e3o re\u00fane as 18 melhores sele\u00e7\u00f5es do mundo na fase preliminar, com 15 rodadas. As equipes constam do ranking da Federa\u00e7\u00e3o Internacional de Voleibol (FIVB). Al\u00e9m de atuar em casa, a sele\u00e7\u00e3o jogar\u00e1 nos Estados Unidos e no Jap\u00e3o.<\/p>\n<p>Apenas as oito primeiras colocadas na fase preliminar, avan\u00e7ar\u00e3o \u00e0s quartas de final (eliminat\u00f3ria). Vale destacar que a China tem vaga assegurada no mata-mata da LNV, por sediar a fase final da competi\u00e7\u00e3o, entre 30 de julho e 3 de agosto.<\/p>\n<h2>Pr\u00f3ximos jogos do Brasil na Ligas das Na\u00e7\u00f5es<\/h2>\n<p>25 de junho (quarta) &#8211; Canad\u00e1 x Brasil &#8211; 18h &#8211; Chicago, Estados Unidos<\/p>\n<p>26 de junho (quinta) &#8211; Brasil x Rep\u00fablica Popular da China &#8211; 18h &#8211; Chicago, Estados Unidos<\/p>\n<p>28 de junho (s\u00e1bado) &#8211; Brasil x It\u00e1lia &#8211; 18h &#8211; Chicago, EUA<\/p>\n<p>29 de junho (domingo) &#8211; Brasil x Pol\u00f4nia &#8211; 18h &#8211; Chicago, EUA<\/p>\n<p>16 de julho (quarta) &#8211; Argentina x Brasil &#8211; 00h &#8211; Chiba, Jap\u00e3o<\/p>\n<p>18 de julho (sexta) &#8211; Brasil x Jap\u00e3o &#8211; 7h20 &#8211; Chiba, Jap\u00e3o<\/p>\n<p>19 de julho (s\u00e1bado) &#8211; Turquia x Brasil &#8211; 3h30 &#8211; Chiba, Jap\u00e3o<\/p>\n<p>20 de julho (domingo) &#8211; Alemanha x Brasil &#8211; 2h30 &#8211; Chiba, Jap\u00e3o<\/p>\n<p>Fonte: Ag\u00eancia Brasil<\/p>\n","protected":false},"excerpt":{"rendered":"<p>Em processo de renova\u00e7\u00e3o, a sele\u00e7\u00e3o brasileira masculina de v\u00f4lei, n\u00famero 7 do mundo, cravou neste domingo (15) uma s\u00f3lida vit\u00f3ria\u00a0(3 sets a 0) sobre a Eslov\u00eania, terceira no ranking mundial e at\u00e9 ent\u00e3o invicta na Liga das Na\u00e7\u00f5es. Com uma atua\u00e7\u00e3o impec\u00e1vel no \u00faltimo confronto no Gin\u00e1sio do Maracan\u00e3zino, no Rio de Janeiro, o [&hellip;]<\/p>\n","protected":false},"author":246,"featured_media":228830,"comment_status":"closed","ping_status":"closed","sticky":false,"template":"","format":"standard","meta":{"footnotes":""},"categories":[436,257,439],"tags":[],"class_list":["post-228829","post","type-post","status-publish","format-standard","has-post-thumbnail","hentry","category-destaque-da-semana","category-esporte","category-ultima-hora"],"_links":{"self":[{"href":"https:\/\/diarioregionaldigital.com.br\/index.php?rest_route=\/wp\/v2\/posts\/228829","targetHints":{"allow":["GET"]}}],"collection":[{"href":"https:\/\/diarioregionaldigital.com.br\/index.php?rest_route=\/wp\/v2\/posts"}],"about":[{"href":"https:\/\/diarioregionaldigital.com.br\/index.php?rest_route=\/wp\/v2\/types\/post"}],"author":[{"embeddable":true,"href":"https:\/\/diarioregionaldigital.com.br\/index.php?rest_route=\/wp\/v2\/users\/246"}],"replies":[{"embeddable":true,"href":"https:\/\/diarioregionaldigital.com.br\/index.php?rest_route=%2Fwp%2Fv2%2Fcomments&post=228829"}],"version-history":[{"count":1,"href":"https:\/\/diarioregionaldigital.com.br\/index.php?rest_route=\/wp\/v2\/posts\/228829\/revisions"}],"predecessor-version":[{"id":228831,"href":"https:\/\/diarioregionaldigital.com.br\/index.php?rest_route=\/wp\/v2\/posts\/228829\/revisions\/228831"}],"wp:featuredmedia":[{"embeddable":true,"href":"https:\/\/diarioregionaldigital.com.br\/index.php?rest_route=\/wp\/v2\/media\/228830"}],"wp:attachment":[{"href":"https:\/\/diarioregionaldigital.com.br\/index.php?rest_route=%2Fwp%2Fv2%2Fmedia&parent=228829"}],"wp:term":[{"taxonomy":"category","embeddable":true,"href":"https:\/\/diarioregionaldigital.com.br\/index.php?rest_route=%2Fwp%2Fv2%2Fcategories&post=228829"},{"taxonomy":"post_tag","embeddable":true,"href":"https:\/\/diarioregionaldigital.com.br\/index.php?rest_route=%2Fwp%2Fv2%2Ftags&post=228829"}],"curies":[{"name":"wp","href":"https:\/\/api.w.org\/{rel}","templated":true}]}}