{"id":228823,"date":"2025-06-16T19:28:49","date_gmt":"2025-06-16T22:28:49","guid":{"rendered":"https:\/\/diarioregionaldigital.com.br\/?p=228823"},"modified":"2025-06-16T19:28:49","modified_gmt":"2025-06-16T22:28:49","slug":"governo-de-minas-promove-2a-edicao-de-concurso-para-premiar-as-melhores-cachacas-e-aguardentes-do-estado","status":"publish","type":"post","link":"https:\/\/diarioregionaldigital.com.br\/?p=228823","title":{"rendered":"Governo de Minas promove 2\u00aa edi\u00e7\u00e3o de concurso para premiar as melhores cacha\u00e7as e aguardentes do estado"},"content":{"rendered":"<p>O\u00a0<a href=\"https:\/\/www.mg.gov.br\/\" target=\"_blank\" rel=\"noopener\">Governo de Minas Gerais<\/a>, por meio da\u00a0<a href=\"https:\/\/www.emater.mg.gov.br\/\" target=\"_blank\" rel=\"noopener\">Empresa de Assist\u00eancia T\u00e9cnica e Extens\u00e3o Rural do Estado de Minas Gerais (Emater-MG)<\/a>, est\u00e1 com inscri\u00e7\u00f5es abertas para o 2\u00ba Concurso de Avalia\u00e7\u00e3o da Qualidade das Cacha\u00e7as de Alambique e Aguardentes de Cana Mineiras.<\/p>\n<p>As inscri\u00e7\u00f5es s\u00e3o gratuitas e devem ser feitas at\u00e9 o dia 25\/7\u00a0em\u00a0escrit\u00f3rios locais\u00a0da Emater-MG. Caso o munic\u00edpio n\u00e3o possua unidade da empresa, o produtor pode entrar em contato pelo telefone (31) 3349-8120 para saber qual \u00e9 o escrit\u00f3rio mais pr\u00f3ximo.<\/p>\n<figure class=\"image\"><img decoding=\"async\" src=\"https:\/\/www.agenciaminas.mg.gov.br\/ckeditor_assets\/pictures\/23077\/content_cachaca.jpg\" alt=\"\" \/><figcaption><sub><em>Emater-MG \/ Divulga\u00e7\u00e3o\u00a0<\/em><\/sub><\/figcaption><\/figure>\n<p>Ap\u00f3s preencher o formul\u00e1rio de inscri\u00e7\u00e3o, o participante deve enviar a documenta\u00e7\u00e3o e as amostras at\u00e9 8\/8. O preenchimento da ficha e os custos com envio das amostras s\u00e3o de responsabilidade do participante.<\/p>\n<p>\u201cO primeiro concurso da cacha\u00e7a e aguardentes, realizado no ano passado, foi um grande sucesso. Queremos, em 2025, superar as expectativas e ter ainda mais bebidas concorrendo. A cacha\u00e7a \u00e9 um dos principais produtos mineiros e o concurso \u00e9 uma forma de valoriza\u00e7\u00e3o da atividade. Que os nossos produtores aproveitem a oportunidade e as melhores bebidas sejam premiadas\u201d, afirmou o diretor-presidente da Emater-MG, Ot\u00e1vio Maia.<\/p>\n<p><strong>P\u00fablico e categorias<\/strong><\/p>\n<p>Podem participar produtores\/atacadistas, produtores\/engarrafadores e os padronizadores\/engarrafadores, que tenham estabelecimentos de bebidas em territ\u00f3rio mineiro, registrados no Minist\u00e9rio de Agricultura, com as denomina\u00e7\u00f5es cacha\u00e7a de alambique e aguardente de cana.<\/p>\n<p>No caso dos padronizadores\/engarrafadores de cacha\u00e7as de alambique e aguardentes de cana, \u00e9 necess\u00e1rio comprovar que a bebida adquirida de terceiros, para a produ\u00e7\u00e3o de seus produtos, tem origem em Minas Gerais.<\/p>\n<p><strong>Categorias<\/strong><\/p>\n<p>As categorias da edi\u00e7\u00e3o de 2025 ser\u00e3o: Cacha\u00e7a de Alambique Aguardente de Cana, Cacha\u00e7a de Alambique Armazenada Aguardente de Cana Armazenada, Cacha\u00e7a de Alambique Envelhecida Aguardente de Cana Envelhecida, Cacha\u00e7a de Alambique Envelhecida e Premium + Extrapremium, al\u00e9m de Aguardente de Cana, Aguardente de Cana Armazenada, Aguardente de Cana Envelhecida, Aguardente de Cana Envelhecida Premium + Extrapremium.<\/p>\n<p>A final do 2\u00ba Concurso de Avalia\u00e7\u00e3o da Qualidade das Cacha\u00e7as de Alambique e Aguardentes de Cana Mineiras dever\u00e1 ocorrer em novembro. O regulamento do concurso est\u00e1 dispon\u00edvel no\u00a0<a href=\"http:\/\/www.emater.mg.gov.br\/portal.do?flagweb=novosite_concurso_cachaca&amp;grupo=1190\" target=\"_blank\" rel=\"noopener\">site da Emater-MG<\/a>.<\/p>\n<p><strong>Destaque<\/strong><\/p>\n<p>O Concurso Cacha\u00e7as Mineiras\/2025 ter\u00e1 o limite de 270 bebidas inscritas. Quando o n\u00famero for atingido, ser\u00e1 divulgada a cessa\u00e7\u00e3o do recebimento de inscri\u00e7\u00f5es. Cada participante poder\u00e1 inscrever at\u00e9 duas bebidas. No caso de produtor ou padronizador, a categoria \u00e9 \u201cMarcas de Terceiros\u201d.<\/p>\n<p>\u201cAl\u00e9m da premia\u00e7\u00e3o das tr\u00eas melhores bebidas por categoria, este ano, tamb\u00e9m teremos um diploma especial por p\u00f3lo para valorizar a regionalidade da bebida e um pr\u00eamio especial para a mulher destaque da cacha\u00e7a mineira\u201d, destaca Lucas Carneiro.<\/p>\n<p><strong>Setor<\/strong><\/p>\n<p>Segundo o Minist\u00e9rio da Agricultura, o setor de cacha\u00e7a no Brasil emprega mais de 3 mil pessoas na regi\u00e3o Sudeste. Minas Gerais det\u00e9m\u00a0mais de 67% dos alambiques da regi\u00e3o.<\/p>\n<p>O 2\u00ba Concurso de Avalia\u00e7\u00e3o da Qualidade das Cacha\u00e7as de Alambique e Aguardentes de Cana Mineiras \u00e9 uma iniciativa do Governo de Minas, e ser\u00e1 realizado e coordenado pela Emater-MG, empresa vinculada \u00e0\u00a0<a href=\"https:\/\/www.mg.gov.br\/agricultura\" target=\"_blank\" rel=\"noopener\">Secretaria de Estado da Agricultura, Pecu\u00e1ria e Abastecimento (Seapa-MG)<\/a>, com apoio do\u00a0<a href=\"https:\/\/www.ima.mg.gov.br\/\" target=\"_blank\" rel=\"noopener\">Instituto Mineiro de Agropecu\u00e1ria\u00a0(IMA)<\/a>,<a href=\"https:\/\/www.epamig.br\/\" target=\"_blank\" rel=\"noopener\">\u00a0Empresa de Pesquisa Agropecu\u00e1ria de Minas Gerais (Epamig)<\/a>\u00a0e de entidades parceiras.<\/p>\n<p>Fonte: Ag\u00eancia Minas<\/p>\n","protected":false},"excerpt":{"rendered":"<p>O\u00a0Governo de Minas Gerais, por meio da\u00a0Empresa de Assist\u00eancia T\u00e9cnica e Extens\u00e3o Rural do Estado de Minas Gerais (Emater-MG), est\u00e1 com inscri\u00e7\u00f5es abertas para o 2\u00ba Concurso de Avalia\u00e7\u00e3o da Qualidade das Cacha\u00e7as de Alambique e Aguardentes de Cana Mineiras. As inscri\u00e7\u00f5es s\u00e3o gratuitas e devem ser feitas at\u00e9 o dia 25\/7\u00a0em\u00a0escrit\u00f3rios locais\u00a0da Emater-MG. Caso [&hellip;]<\/p>\n","protected":false},"author":246,"featured_media":228824,"comment_status":"closed","ping_status":"closed","sticky":false,"template":"","format":"standard","meta":{"footnotes":""},"categories":[436,261,254,439],"tags":[],"class_list":["post-228823","post","type-post","status-publish","format-standard","has-post-thumbnail","hentry","category-destaque-da-semana","category-economia","category-politica","category-ultima-hora"],"_links":{"self":[{"href":"https:\/\/diarioregionaldigital.com.br\/index.php?rest_route=\/wp\/v2\/posts\/228823","targetHints":{"allow":["GET"]}}],"collection":[{"href":"https:\/\/diarioregionaldigital.com.br\/index.php?rest_route=\/wp\/v2\/posts"}],"about":[{"href":"https:\/\/diarioregionaldigital.com.br\/index.php?rest_route=\/wp\/v2\/types\/post"}],"author":[{"embeddable":true,"href":"https:\/\/diarioregionaldigital.com.br\/index.php?rest_route=\/wp\/v2\/users\/246"}],"replies":[{"embeddable":true,"href":"https:\/\/diarioregionaldigital.com.br\/index.php?rest_route=%2Fwp%2Fv2%2Fcomments&post=228823"}],"version-history":[{"count":1,"href":"https:\/\/diarioregionaldigital.com.br\/index.php?rest_route=\/wp\/v2\/posts\/228823\/revisions"}],"predecessor-version":[{"id":228825,"href":"https:\/\/diarioregionaldigital.com.br\/index.php?rest_route=\/wp\/v2\/posts\/228823\/revisions\/228825"}],"wp:featuredmedia":[{"embeddable":true,"href":"https:\/\/diarioregionaldigital.com.br\/index.php?rest_route=\/wp\/v2\/media\/228824"}],"wp:attachment":[{"href":"https:\/\/diarioregionaldigital.com.br\/index.php?rest_route=%2Fwp%2Fv2%2Fmedia&parent=228823"}],"wp:term":[{"taxonomy":"category","embeddable":true,"href":"https:\/\/diarioregionaldigital.com.br\/index.php?rest_route=%2Fwp%2Fv2%2Fcategories&post=228823"},{"taxonomy":"post_tag","embeddable":true,"href":"https:\/\/diarioregionaldigital.com.br\/index.php?rest_route=%2Fwp%2Fv2%2Ftags&post=228823"}],"curies":[{"name":"wp","href":"https:\/\/api.w.org\/{rel}","templated":true}]}}