{"id":228811,"date":"2025-06-16T19:25:22","date_gmt":"2025-06-16T22:25:22","guid":{"rendered":"https:\/\/diarioregionaldigital.com.br\/?p=228811"},"modified":"2025-06-16T19:25:22","modified_gmt":"2025-06-16T22:25:22","slug":"no-vale-do-silicio-da-china-minas-e-apresentado-como-local-estrategico-para-a-construcao-de-bancos-de-dados-de-ia","status":"publish","type":"post","link":"https:\/\/diarioregionaldigital.com.br\/?p=228811","title":{"rendered":"No Vale do Sil\u00edcio da China, Minas \u00e9 apresentado como local estrat\u00e9gico para a constru\u00e7\u00e3o de bancos de dados de IA"},"content":{"rendered":"<p><main class=\"clear margin-md-bottom-3\"><\/p>\n<div class=\"clear \">\n<p>Em viagem a Zhongguancun, o Vale do Sil\u00edcio Chin\u00eas, nesta segunda-feira (16\/6), a comitiva do\u00a0<a href=\"https:\/\/www.mg.gov.br\/\" target=\"_blank\" rel=\"noopener\">Governo de Minas<\/a>\u00a0em miss\u00e3o na \u00c1sia, liderada pelo governador Romeu Zema, apresentou as vantagens competitivas do Estado como um polo tecnol\u00f3gico e estrat\u00e9gico na constru\u00e7\u00e3o de bases de dados de Intelig\u00eancia Artificial (IA), as chamadas data centers.<\/p>\n<p>As data centers s\u00e3o respons\u00e1veis por processar todas as informa\u00e7\u00f5es transmitidas via internet \u2014 por isso, arquivos guardados em \u201cnuvem\u201d, termo utilizado para armazenamento digital na web, dependem do trabalho desses parques tecnol\u00f3gicos gigantes, que devem funcionar 24 horas por dia, sete dias por semana, demandando alto consumo de energia el\u00e9trica.<\/p>\n<p>\u00c9 neste cen\u00e1rio que Minas Gerais tem despontado e pode oferecer condi\u00e7\u00f5es atraentes para os investidores. Atualmente, Minas lidera a gera\u00e7\u00e3o de energia limpa no Brasil, especialmente a energia fotovoltaica, tendo 99% da matriz energ\u00e9tica formada por fontes renov\u00e1veis, condi\u00e7\u00e3o fundamental para a instala\u00e7\u00e3o das data centers de forma sustent\u00e1vel.<\/p>\n<p>\u201cMinas atraiu R$ 80 bilh\u00f5es em investimentos privados, multiplicando em 20 vezes a capacidade de produ\u00e7\u00e3o de energia limpa, apenas entre 2019 e 2024. Hoje, lideramos esse setor important\u00edssimo para tantos investimentos de alta tecnologia. Estivemos no Vale do Sil\u00edcio da China, onde vimos muita coisa sobre intelig\u00eancia artificial, que pode ser aplicada na \u00e1rea de energia, sa\u00fade e seguran\u00e7a p\u00fablica. Em Minas, temos potencial de acolher muitos investimentos que envolvem o uso de tecnologia de ponta\u201d, disse o governador Romeu Zema.<\/p>\n<p>O primeiro parque de data centers de Minas Gerais ser\u00e1 inaugurado em 2026, com investimento de R$ 300 milh\u00f5es das empresas Supernova e Mapa Investimentos. O projeto ser\u00e1 instalado em Leopoldina, na Zona da Mata, com a gera\u00e7\u00e3o de 1,1 mil empregos diretos, permitindo que empresas, institui\u00e7\u00f5es governamentais e a sociedade de forma geral se beneficiem de solu\u00e7\u00f5es digitais inovadoras e eficientes.<\/p>\n<p>\u201cTenho certeza que outros neg\u00f3cios relacionados \u00e0s data centers e aos investimentos em tecnologia artificial encontrar\u00e3o em Minas Gerais um solo f\u00e9rtil para o desenvolvimento. Hoje, cada um dos 853 munic\u00edpios do estado tem pelo menos um projeto de energia solar, o que mostra o nosso compromisso com o desenvolvimento sustent\u00e1vel, que deve andar lado a lado com o investimento em tecnologias de ponta\u201d, completou o governador.<\/p>\n<p>Acompanham o governador na viagem \u00e0 \u00c1sia os secret\u00e1rios de\u00a0<a href=\"https:\/\/www.mg.gov.br\/instituicao_unidade\/secretaria-de-estado-de-comunicacao-social-secom\" target=\"_blank\" rel=\"noopener\">Comunica\u00e7\u00e3o<\/a>, Bernardo Santos, de\u00a0<a href=\"https:\/\/desenvolvimento.mg.gov.br\/\" target=\"_blank\" rel=\"noopener\">Desenvolvimento Econ\u00f4mico<\/a>, Mila Corr\u00eaa da Costa, de\u00a0<a href=\"https:\/\/semad.mg.gov.br\/\" target=\"_blank\" rel=\"noopener\">Meio Ambiente e Desenvolvimento Sustent\u00e1vel<\/a>, Mar\u00edlia Melo, o chefe do Gabinete Militar e coordenador estadual de\u00a0<a href=\"https:\/\/www.mg.gov.br\/defesacivil\" target=\"_blank\" rel=\"noopener\">Defesa Civil<\/a>, Coronel PM Paulo Roberto Bermudes Rezende, al\u00e9m do presidente da\u00a0<a href=\"https:\/\/investminas.mg.gov.br\/\" target=\"_blank\" rel=\"noopener\">Invest Minas<\/a>, Jo\u00e3o Paulo Braga.<\/p>\n<p><strong>Investimentos em inova\u00e7\u00e3o<\/strong><\/p>\n<p>Nos \u00faltimos anos, o Governo de Minas tem batido recorde de execu\u00e7\u00e3o de investimentos em ci\u00eancia, tecnologia e inova\u00e7\u00e3o. Em 2024, foram R$ 520 milh\u00f5es em a\u00e7\u00f5es e projetos para a \u00e1rea, sendo R$ 92 milh\u00f5es apenas para o setor de inova\u00e7\u00e3o. Esse valor \u00e9 parte dos mais de R$ 1 bilh\u00e3o em investimentos programados pela atual gest\u00e3o at\u00e9 2026.<\/p>\n<p>Um dos principais programas para impulsionar o desenvolvimento de projetos inovadores \u00e9 o Compete Minas, parceria da Secretaria de Estado de Desenvolvimento Econ\u00f4mico (Sede) com a Funda\u00e7\u00e3o de Amparo \u00e0 Pesquisa do Estado de Minas Gerais (Fapemig).<\/p>\n<p>O programa apoia projetos de pesquisa, desenvolvimento tecnol\u00f3gico e inova\u00e7\u00e3o propostos por empresas, startups e cooperativas mineiras. Desde o in\u00edcio dos editais, em 2022, foram investidos R$ 67,8 milh\u00f5es em cerca de 200 projetos pioneiros.<\/p>\n<p><strong>Vale do Sil\u00edcio Chin\u00eas<\/strong><\/p>\n<p>O distrito de Zhongguancun, localizado a 25 km de Pequim, e conhecido como Vale do Sil\u00edcio Chin\u00eas, come\u00e7ou a se desenvolver na d\u00e9cada de 1980, quando a China decidiu transformar a regi\u00e3o em um centro de alta tecnologia. Atualmente, o local abriga mais de 20 mil empresas em uma \u00e1rea de 500 quil\u00f4metros quadrados, reunindo startups de intelig\u00eancia artificial e realidade virtual, al\u00e9m de universidades e institutos de pesquisa cient\u00edfica.<\/p>\n<p><strong>Agendas na China<\/strong><\/p>\n<p>No primeiro dia da miss\u00e3o na \u00c1sia, o Governo de Minas anunciou a atra\u00e7\u00e3o de R$ 198 milh\u00f5es em investimentos do Midea Group para o Sul do estado, com quatro novos projetos na regi\u00e3o.<\/p>\n<p>A comitiva tamb\u00e9m se reuniu com o vice-ministro do Com\u00e9rcio Exterior chin\u00eas, Li Chenggang. O governador Romeu Zema abordou a possibilidade de suspens\u00e3o parcial dos embargos \u00e0 carne de frango brasileira, ap\u00f3s a identifica\u00e7\u00e3o de um caso de gripe avi\u00e1ria em uma ave de granja no Rio Grande do Sul.<\/p>\n<p>Tamb\u00e9m houve uma reuni\u00e3o da comitiva de Minas com representantes da Tencent, uma das maiores empresas de tecnologia do mundo.<\/p>\n<p>Foi realizado ainda um encontro com representantes da Sanxing, fabricante de equipamentos para o setor el\u00e9trico, e da empresa mineira Nansen, que faz parte do grupo. Na reuni\u00e3o, os executivos e representantes do Estado abordaram as novas tecnologias na \u00e1rea e possibilidades de investimento em Minas.<\/p>\n<p>Fonte: Ag\u00eancia Minas<\/p>\n<\/div>\n<p><\/main><\/p>\n","protected":false},"excerpt":{"rendered":"<p>Em viagem a Zhongguancun, o Vale do Sil\u00edcio Chin\u00eas, nesta segunda-feira (16\/6), a comitiva do\u00a0Governo de Minas\u00a0em miss\u00e3o na \u00c1sia, liderada pelo governador Romeu Zema, apresentou as vantagens competitivas do Estado como um polo tecnol\u00f3gico e estrat\u00e9gico na constru\u00e7\u00e3o de bases de dados de Intelig\u00eancia Artificial (IA), as chamadas data centers. As data centers s\u00e3o [&hellip;]<\/p>\n","protected":false},"author":246,"featured_media":228812,"comment_status":"closed","ping_status":"closed","sticky":false,"template":"","format":"standard","meta":{"footnotes":""},"categories":[436,440,261,254,439],"tags":[],"class_list":["post-228811","post","type-post","status-publish","format-standard","has-post-thumbnail","hentry","category-destaque-da-semana","category-destaques-do-dia","category-economia","category-politica","category-ultima-hora"],"_links":{"self":[{"href":"https:\/\/diarioregionaldigital.com.br\/index.php?rest_route=\/wp\/v2\/posts\/228811","targetHints":{"allow":["GET"]}}],"collection":[{"href":"https:\/\/diarioregionaldigital.com.br\/index.php?rest_route=\/wp\/v2\/posts"}],"about":[{"href":"https:\/\/diarioregionaldigital.com.br\/index.php?rest_route=\/wp\/v2\/types\/post"}],"author":[{"embeddable":true,"href":"https:\/\/diarioregionaldigital.com.br\/index.php?rest_route=\/wp\/v2\/users\/246"}],"replies":[{"embeddable":true,"href":"https:\/\/diarioregionaldigital.com.br\/index.php?rest_route=%2Fwp%2Fv2%2Fcomments&post=228811"}],"version-history":[{"count":2,"href":"https:\/\/diarioregionaldigital.com.br\/index.php?rest_route=\/wp\/v2\/posts\/228811\/revisions"}],"predecessor-version":[{"id":228814,"href":"https:\/\/diarioregionaldigital.com.br\/index.php?rest_route=\/wp\/v2\/posts\/228811\/revisions\/228814"}],"wp:featuredmedia":[{"embeddable":true,"href":"https:\/\/diarioregionaldigital.com.br\/index.php?rest_route=\/wp\/v2\/media\/228812"}],"wp:attachment":[{"href":"https:\/\/diarioregionaldigital.com.br\/index.php?rest_route=%2Fwp%2Fv2%2Fmedia&parent=228811"}],"wp:term":[{"taxonomy":"category","embeddable":true,"href":"https:\/\/diarioregionaldigital.com.br\/index.php?rest_route=%2Fwp%2Fv2%2Fcategories&post=228811"},{"taxonomy":"post_tag","embeddable":true,"href":"https:\/\/diarioregionaldigital.com.br\/index.php?rest_route=%2Fwp%2Fv2%2Ftags&post=228811"}],"curies":[{"name":"wp","href":"https:\/\/api.w.org\/{rel}","templated":true}]}}