{"id":228802,"date":"2025-06-13T19:48:14","date_gmt":"2025-06-13T22:48:14","guid":{"rendered":"https:\/\/diarioregionaldigital.com.br\/?p=228802"},"modified":"2025-06-13T19:48:14","modified_gmt":"2025-06-13T22:48:14","slug":"guarda-realiza-conversa-sobre-bullying-e-racismo-na-escola-municipal-marcos-freesz","status":"publish","type":"post","link":"https:\/\/diarioregionaldigital.com.br\/?p=228802","title":{"rendered":"Guarda realiza conversa sobre bullying e racismo na Escola Municipal Marcos Freesz"},"content":{"rendered":"<p>Segundo informa\u00e7\u00f5es do site da Prefeitura de Juiz de Fora (PJF), a equipe do projeto Guardas no Apoio e Preven\u00e7\u00e3o nas Escolas (Gape) esteve presente nesta quinta-feira, 12, na Escola Municipal Vereadorr Marcos Freesz, no Bairro Eldorado, para dialogar com os alunos sobre temas como bullying e racismo. O objetivo do encontro \u00e9 promover a reflex\u00e3o sobre atos que geram conflitos, revendo comportamentos para a efetiva\u00e7\u00e3o de um ambiente de paz na escola.<\/p>\n<div><\/div>\n<p>Durante a conversa, a Guarda Municipal Medeiros ressaltou a import\u00e2ncia de cada um se envolver, reconhecer e combater comportamentos prejudiciais no ambiente escolar. Ela enfatizou que \u201cse as palavras de algu\u00e9m fazem outra pessoa se sentir mal, \u00e9 fundamental interromper essa situa\u00e7\u00e3o e evitar que estas pr\u00e1ticas aconte\u00e7am\u201d.<\/p>\n<p>A equipe do Gape lembra que o bullying e o racismo, al\u00e9m de cru\u00e9is, s\u00e3o classificados como crime pela legisla\u00e7\u00e3o brasileira. A Lei n\u00ba 14.811\/2024, em vigor desde 15 de janeiro de 2024, criminaliza o bullying e o cyberbullying no Brasil. O racismo, por sua vez, \u00e9 considerado crime inafian\u00e7\u00e1vel e imprescrit\u00edvel, sujeito \u00e0 pena de reclus\u00e3o de dois a cinco anos, al\u00e9m de multa, conforme a Lei n\u00ba 7.716\/1989.<\/p>\n","protected":false},"excerpt":{"rendered":"<p>Segundo informa\u00e7\u00f5es do site da Prefeitura de Juiz de Fora (PJF), a equipe do projeto Guardas no Apoio e Preven\u00e7\u00e3o nas Escolas (Gape) esteve presente nesta quinta-feira, 12, na Escola Municipal Vereadorr Marcos Freesz, no Bairro Eldorado, para dialogar com os alunos sobre temas como bullying e racismo. O objetivo do encontro \u00e9 promover a [&hellip;]<\/p>\n","protected":false},"author":246,"featured_media":228803,"comment_status":"closed","ping_status":"closed","sticky":false,"template":"","format":"standard","meta":{"footnotes":""},"categories":[253,436,440,439],"tags":[],"class_list":["post-228802","post","type-post","status-publish","format-standard","has-post-thumbnail","hentry","category-cidade","category-destaque-da-semana","category-destaques-do-dia","category-ultima-hora"],"_links":{"self":[{"href":"https:\/\/diarioregionaldigital.com.br\/index.php?rest_route=\/wp\/v2\/posts\/228802","targetHints":{"allow":["GET"]}}],"collection":[{"href":"https:\/\/diarioregionaldigital.com.br\/index.php?rest_route=\/wp\/v2\/posts"}],"about":[{"href":"https:\/\/diarioregionaldigital.com.br\/index.php?rest_route=\/wp\/v2\/types\/post"}],"author":[{"embeddable":true,"href":"https:\/\/diarioregionaldigital.com.br\/index.php?rest_route=\/wp\/v2\/users\/246"}],"replies":[{"embeddable":true,"href":"https:\/\/diarioregionaldigital.com.br\/index.php?rest_route=%2Fwp%2Fv2%2Fcomments&post=228802"}],"version-history":[{"count":1,"href":"https:\/\/diarioregionaldigital.com.br\/index.php?rest_route=\/wp\/v2\/posts\/228802\/revisions"}],"predecessor-version":[{"id":228804,"href":"https:\/\/diarioregionaldigital.com.br\/index.php?rest_route=\/wp\/v2\/posts\/228802\/revisions\/228804"}],"wp:featuredmedia":[{"embeddable":true,"href":"https:\/\/diarioregionaldigital.com.br\/index.php?rest_route=\/wp\/v2\/media\/228803"}],"wp:attachment":[{"href":"https:\/\/diarioregionaldigital.com.br\/index.php?rest_route=%2Fwp%2Fv2%2Fmedia&parent=228802"}],"wp:term":[{"taxonomy":"category","embeddable":true,"href":"https:\/\/diarioregionaldigital.com.br\/index.php?rest_route=%2Fwp%2Fv2%2Fcategories&post=228802"},{"taxonomy":"post_tag","embeddable":true,"href":"https:\/\/diarioregionaldigital.com.br\/index.php?rest_route=%2Fwp%2Fv2%2Ftags&post=228802"}],"curies":[{"name":"wp","href":"https:\/\/api.w.org\/{rel}","templated":true}]}}