{"id":228786,"date":"2025-06-13T19:32:26","date_gmt":"2025-06-13T22:32:26","guid":{"rendered":"https:\/\/diarioregionaldigital.com.br\/?p=228786"},"modified":"2025-06-13T19:32:26","modified_gmt":"2025-06-13T22:32:26","slug":"governo-de-minas-publica-edital-da-olimpiada-de-redacao-que-mobiliza-estudantes-da-rede-estadual-mineira","status":"publish","type":"post","link":"https:\/\/diarioregionaldigital.com.br\/?p=228786","title":{"rendered":"Governo de Minas publica edital da Olimp\u00edada de Reda\u00e7\u00e3o que mobiliza estudantes da rede estadual mineira"},"content":{"rendered":"<p>O\u00a0<a href=\"https:\/\/www.mg.gov.br\/\" target=\"_blank\" rel=\"noopener\">Governo de Minas<\/a>, por meio da\u00a0<a href=\"https:\/\/www.educacao.mg.gov.br\/\" target=\"_blank\" rel=\"noopener\">Secretaria de Estado de Educa\u00e7\u00e3o (SEE\/MG)<\/a>, publicou nesta sexta-feira (13\/6) o edital da Olimp\u00edada de Reda\u00e7\u00e3o da Rede Estadual. Com o tema \u201cOs efeitos do uso excessivo do celular por crian\u00e7as, adolescentes e jovens\u201d, a iniciativa prop\u00f5e aos estudantes uma reflex\u00e3o cr\u00edtica sobre o impacto da tecnologia no cotidiano, al\u00e9m de fortalecer a leitura, a escrita e o protagonismo nas escolas p\u00fablicas mineiras.<\/p>\n<p>A Olimp\u00edada de Reda\u00e7\u00e3o \u00e9 voltada para estudantes do 5\u00ba ano do ensino fundamental ao 3\u00ba ano do ensino m\u00e9dio, incluindo alunos da Educa\u00e7\u00e3o de Jovens e Adultos (EJA), da educa\u00e7\u00e3o especial, do sistema prisional e do socioeducativo, que ter\u00e3o orienta\u00e7\u00f5es espec\u00edficas para participa\u00e7\u00e3o.<\/p>\n<table border=\"0\" cellspacing=\"1\" cellpadding=\"1\" align=\"center\">\n<tbody>\n<tr>\n<td colspan=\"5\"><img decoding=\"async\" src=\"https:\/\/www.agenciaminas.mg.gov.br\/ckeditor_assets\/pictures\/20949\/content_2_olho_topo.jpg\" alt=\"\" \/><\/td>\n<\/tr>\n<tr>\n<td><\/td>\n<td colspan=\"3\" rowspan=\"3\">\n<h1><strong>&#8220;Esse \u00e9 mais um passo dentro da nossa pol\u00edtica de fortalecimento da leitura e da escrita nas escolas. Queremos estimular o h\u00e1bito da produ\u00e7\u00e3o textual desde cedo, e ao mesmo tempo abrir espa\u00e7o para que os estudantes se posicionem e reflitam sobre temas que fazem parte do seu cotidiano&#8221;,\u00a0afirma o secret\u00e1rio de Estado de Educa\u00e7\u00e3o, Igor de Alvarenga.\u00a0<\/strong><\/h1>\n<\/td>\n<td><\/td>\n<\/tr>\n<tr>\n<td><\/td>\n<td><\/td>\n<\/tr>\n<tr>\n<td><\/td>\n<td><\/td>\n<\/tr>\n<tr>\n<td colspan=\"5\"><img decoding=\"async\" src=\"https:\/\/www.agenciaminas.mg.gov.br\/ckeditor_assets\/pictures\/20950\/content_2_olho_inferior.jpg\" alt=\"\" \/><\/td>\n<\/tr>\n<\/tbody>\n<\/table>\n<p>As reda\u00e7\u00f5es dever\u00e3o ser produzidas em sala de aula, entre os dias 7 e 11\/7. Para participar, \u00e9 necess\u00e1rio preencher a ficha de inscri\u00e7\u00e3o e a autoriza\u00e7\u00e3o de uso de imagem. O edital completo est\u00e1 dispon\u00edvel\u00a0<a href=\"https:\/\/www.educacao.mg.gov.br\/wp-content\/uploads\/2025\/06\/SEI_114116013_Edital_01-1.pdf\" target=\"_blank\" rel=\"noopener\">neste\u00a0link<\/a>.<\/p>\n<p><strong>Etapas da competi\u00e7\u00e3o<\/strong><\/p>\n<p>A Olimp\u00edada de Reda\u00e7\u00e3o ser\u00e1 realizada em tr\u00eas etapas: escolar, regional e estadual. As etapas regional e estadual contar\u00e3o com comiss\u00f5es espec\u00edficas de avalia\u00e7\u00e3o, formadas por profissionais da rede.<\/p>\n<p>A sele\u00e7\u00e3o dos textos levar\u00e1 em considera\u00e7\u00e3o crit\u00e9rios como dom\u00ednio da norma culta da L\u00edngua Portuguesa, coer\u00eancia, coes\u00e3o, adequa\u00e7\u00e3o ao g\u00eanero textual e o cumprimento do n\u00famero de linhas exigido, de acordo com a etapa de ensino.<\/p>\n<p>As categorias s\u00e3o divididas por faixa escolar: estudantes do 5\u00ba ano do ensino fundamental dever\u00e3o produzir uma narrativa curta, com texto entre 7 e 15 linhas; alunos do 6\u00ba ao 9\u00ba ano devem redigir uma narrativa longa, com 15 a 20 linhas; e os estudantes do ensino m\u00e9dio far\u00e3o uma reda\u00e7\u00e3o dissertativo-argumentativa, com textos entre 20 e 30 linhas.<\/p>\n<p>As escolas ter\u00e3o at\u00e9 o dia 17\/7 para concluir a sele\u00e7\u00e3o dos textos e envi\u00e1-los \u00e0s Superintend\u00eancias Regionais de Ensino (SREs). A etapa regional ser\u00e1 finalizada at\u00e9 13\/8, enquanto a fase estadual se encerrar\u00e1 em 9\/9. A divulga\u00e7\u00e3o dos vencedores est\u00e1 prevista para 30\/9.<\/p>\n<p><strong>Reconhecimento e premia\u00e7\u00e3o<\/strong><\/p>\n<p>Os estudantes selecionados nas diferentes etapas receber\u00e3o medalhas, placas de reconhecimento e men\u00e7\u00f5es honrosas. As reda\u00e7\u00f5es premiadas tamb\u00e9m poder\u00e3o ser publicadas em formato digital e\/ou impresso. Escolas e SREs com maior engajamento tamb\u00e9m ser\u00e3o homenageadas.<\/p>\n<p><strong>Incentivo \u00e0 leitura e escrita<\/strong><\/p>\n<p>A Olimp\u00edada de Reda\u00e7\u00e3o integra o Projeto de Leitura e Escrita da SEE\/MG, que re\u00fane um conjunto de a\u00e7\u00f5es com investimento total de R$ 212 milh\u00f5es, com foco no est\u00edmulo ao h\u00e1bito da leitura e no aprimoramento das compet\u00eancias textuais dos estudantes.<\/p>\n<p>Desse valor, R$ 180 milh\u00f5es foram destinados \u00e0 requalifica\u00e7\u00e3o de bibliotecas em mais de 3,4 mil escolas da rede estadual. Outros R$ 7 milh\u00f5es viabilizam o acesso \u00e0 plataforma Britannica Education, enquanto R$ 5 milh\u00f5es foram aplicados na Elefante Letrado.<\/p>\n<p>Outro destaque \u00e9 o Projeto Territ\u00f3rio da Leitura, que investe R$ 20 milh\u00f5es na distribui\u00e7\u00e3o de obras de grandes autores da literatura nacional e internacional \u00e0s escolas, ampliando o repert\u00f3rio cultural dos estudantes mineiros.<\/p>\n<p>Fonte: Ag\u00eancia Minas<\/p>\n","protected":false},"excerpt":{"rendered":"<p>O\u00a0Governo de Minas, por meio da\u00a0Secretaria de Estado de Educa\u00e7\u00e3o (SEE\/MG), publicou nesta sexta-feira (13\/6) o edital da Olimp\u00edada de Reda\u00e7\u00e3o da Rede Estadual. Com o tema \u201cOs efeitos do uso excessivo do celular por crian\u00e7as, adolescentes e jovens\u201d, a iniciativa prop\u00f5e aos estudantes uma reflex\u00e3o cr\u00edtica sobre o impacto da tecnologia no cotidiano, al\u00e9m [&hellip;]<\/p>\n","protected":false},"author":246,"featured_media":228787,"comment_status":"closed","ping_status":"closed","sticky":false,"template":"","format":"standard","meta":{"footnotes":""},"categories":[436,440,261,254,439],"tags":[],"class_list":["post-228786","post","type-post","status-publish","format-standard","has-post-thumbnail","hentry","category-destaque-da-semana","category-destaques-do-dia","category-economia","category-politica","category-ultima-hora"],"_links":{"self":[{"href":"https:\/\/diarioregionaldigital.com.br\/index.php?rest_route=\/wp\/v2\/posts\/228786","targetHints":{"allow":["GET"]}}],"collection":[{"href":"https:\/\/diarioregionaldigital.com.br\/index.php?rest_route=\/wp\/v2\/posts"}],"about":[{"href":"https:\/\/diarioregionaldigital.com.br\/index.php?rest_route=\/wp\/v2\/types\/post"}],"author":[{"embeddable":true,"href":"https:\/\/diarioregionaldigital.com.br\/index.php?rest_route=\/wp\/v2\/users\/246"}],"replies":[{"embeddable":true,"href":"https:\/\/diarioregionaldigital.com.br\/index.php?rest_route=%2Fwp%2Fv2%2Fcomments&post=228786"}],"version-history":[{"count":0,"href":"https:\/\/diarioregionaldigital.com.br\/index.php?rest_route=\/wp\/v2\/posts\/228786\/revisions"}],"wp:featuredmedia":[{"embeddable":true,"href":"https:\/\/diarioregionaldigital.com.br\/index.php?rest_route=\/wp\/v2\/media\/228787"}],"wp:attachment":[{"href":"https:\/\/diarioregionaldigital.com.br\/index.php?rest_route=%2Fwp%2Fv2%2Fmedia&parent=228786"}],"wp:term":[{"taxonomy":"category","embeddable":true,"href":"https:\/\/diarioregionaldigital.com.br\/index.php?rest_route=%2Fwp%2Fv2%2Fcategories&post=228786"},{"taxonomy":"post_tag","embeddable":true,"href":"https:\/\/diarioregionaldigital.com.br\/index.php?rest_route=%2Fwp%2Fv2%2Ftags&post=228786"}],"curies":[{"name":"wp","href":"https:\/\/api.w.org\/{rel}","templated":true}]}}