{"id":228771,"date":"2025-06-12T20:09:29","date_gmt":"2025-06-12T23:09:29","guid":{"rendered":"https:\/\/diarioregionaldigital.com.br\/?p=228771"},"modified":"2025-06-12T20:09:29","modified_gmt":"2025-06-12T23:09:29","slug":"governo-de-minas-apresenta-proximos-investimentos-em-transportes-e-logistica","status":"publish","type":"post","link":"https:\/\/diarioregionaldigital.com.br\/?p=228771","title":{"rendered":"Governo de Minas apresenta pr\u00f3ximos investimentos em transportes e log\u00edstica"},"content":{"rendered":"<p>O\u00a0<a href=\"https:\/\/www.mg.gov.br\/\" target=\"_blank\" rel=\"noopener\">Governo de Minas<\/a>\u00a0apresentou, nesta quinta-feira (12\/6), os pr\u00f3ximos investimentos priorit\u00e1rios que ser\u00e3o realizados no setor de transportes e log\u00edstica em todo o estado. As a\u00e7\u00f5es foram definidas a partir do Plano Estadual de Log\u00edstica e Transportes de Minas Gerais (Pelt-MG) de curto prazo, focando na resolu\u00e7\u00e3o de problemas atualmente existentes.<\/p>\n<p>Coordenado pela\u00a0<a href=\"https:\/\/www.infraestrutura.mg.gov.br\/\" target=\"_blank\" rel=\"noopener\">Secretaria de Estado de Infraestrutura, Mobilidade e Parcerias (Seinfra)<\/a>, em conjunto com a\u00a0<a href=\"http:\/\/www.codemge.com.br\/\" target=\"_blank\" rel=\"noopener\">Companhia de Desenvolvimento de Minas Gerais (Codemge)<\/a>, o plano tem como objetivo aprimorar a infraestrutura log\u00edstica mineira e impulsionar o desenvolvimento regional de forma estrat\u00e9gica e integrada.<\/p>\n<p>\u201cO Brasil hoje possui a maior carteira de projetos de investimentos do mundo. E dentro desse contexto, Minas Gerais ser\u00e1 o epicentro do investimento em infraestrutura do pa\u00eds nos pr\u00f3ximos anos. Ent\u00e3o, ter essa clareza de planejamento com o Pelt-MG \u00e9 fundamental para podermos avan\u00e7ar e seguir sendo refer\u00eancia em infraestrutura\u201d, enfatizou o secret\u00e1rio de Estado de Infraestrutura, Mobilidade e Parcerias, Pedro Bruno.<\/p>\n<p>A carteira de projetos do Pelt-MG contempla mais de 480 empreendimentos, que re\u00fanem cerca de 4.582 obras. Entre os destaques est\u00e3o mais de 400 a\u00e7\u00f5es rodovi\u00e1rias, incluindo o lote de concess\u00e3o da Zona da Mata, um dos cinco maiores investimentos previstos no setor. O volume total de investimentos, entre p\u00fablicos e privados, soma R$ 513 bilh\u00f5es.<\/p>\n<p>O plano tamb\u00e9m contempla 17 interven\u00e7\u00f5es ferrovi\u00e1rias, 13 projetos dutovi\u00e1rios, 12 iniciativas aeroportu\u00e1rias e duas a\u00e7\u00f5es hidrovi\u00e1rias. V\u00e1rios desses empreendimentos j\u00e1 est\u00e3o contratados ou em processo de execu\u00e7\u00e3o, enquanto outros necessitam de a\u00e7\u00f5es governamentais do Estado ou alinhamento junto ao Governo Federal para desenvolvimento. O documento completo est\u00e1 dispon\u00edvel<a id=\"OWA95c46c36-99ea-9d00-ad84-893378b8114e\" title=\"http:\/\/www.codemge.com.br\/bi-pelt-mg\/\" href=\"http:\/\/www.codemge.com.br\/bi-pelt-mg\/\" target=\"_blank\" rel=\"noopener noreferrer\" data-auth=\"NotApplicable\">\u00a0<\/a><u><a id=\"OWA95c46c36-99ea-9d00-ad84-893378b8114e\" title=\"http:\/\/www.codemge.com.br\/bi-pelt-mg\/\" href=\"http:\/\/www.codemge.com.br\/bi-pelt-mg\/\" target=\"_blank\" rel=\"noopener noreferrer\" data-auth=\"NotApplicable\">neste link<\/a><\/u>.<\/p>\n<p>\u201cO neg\u00f3cio da Codemge \u00e9 fazer Minas crescer. Em linha com essa miss\u00e3o, o Pelt-MG representa uma estrat\u00e9gia organizada de desenvolvimento, que busca integrar todas as regi\u00f5es do Estado e garantir oportunidades para a popula\u00e7\u00e3o, fomentando cadeias produtivas regionais, atraindo novos neg\u00f3cios e promovendo inclus\u00e3o por meio da mobilidade interurbana\u201d, afirma a diretora-presidente da Codemge, Lu\u00edsa Barreto.<\/p>\n<p>O diretor de Concess\u00f5es e Parcerias da Companhia, Gabriel Fajardo, destaca que as a\u00e7\u00f5es resultantes do plano se dividem em carteiras de empreendimentos como as de concess\u00f5es de infraestrutura junto \u00e0 iniciativa privada e as de obras p\u00fablicas, al\u00e9m de projetos com alinhamento interinstitucional e intergovernamental para sua concretiza\u00e7\u00e3o, como no caso das ferrovias e aeroportos. \u201cO foco do Pelt-MG est\u00e1 na melhoria da conectividade, na redu\u00e7\u00e3o de custos log\u00edsticos e no aumento da competitividade do Estado\u201d, salienta.<\/p>\n<p><strong>Inova\u00e7\u00e3o<\/strong><\/p>\n<p>Minas Gerais \u00e9 pioneira na utiliza\u00e7\u00e3o do Five Case Model (5CM), metodologia desenvolvida pelo Tesouro Brit\u00e2nico e adotada para embasar a sele\u00e7\u00e3o e prioriza\u00e7\u00e3o dos empreendimentos. \u00c9 a primeira vez que esse \u00e9 aplicado como uma ferramenta de planejamento de carteiras de investimentos no Brasil, conferindo mais rigor t\u00e9cnico, vis\u00e3o de longo prazo e transpar\u00eancia \u00e0s decis\u00f5es de investimento.<\/p>\n<p>Al\u00e9m disso, coloca o Estado nos mesmos caminhos que pa\u00edses mais desenvolvidos tomam suas decis\u00f5es sobre investimentos, baseando a aloca\u00e7\u00e3o dos recursos em crit\u00e9rios t\u00e9cnicos e com potencial de melhores efeitos para a popula\u00e7\u00e3o.<\/p>\n<p><strong>Sobre o Pelt-MG<\/strong><\/p>\n<p>O Plano Estadual de Log\u00edstica e Transportes foi constru\u00eddo a partir de uma s\u00e9rie de encontros realizados em diferentes regi\u00f5es do estado, com o objetivo de desenvolver pol\u00edticas p\u00fablicas voltadas para a \u00e1rea de transportes.<\/p>\n<p>O documento t\u00e9cnico apresenta a vis\u00e3o estrat\u00e9gica do Governo de Minas, com cen\u00e1rios, avalia\u00e7\u00f5es e recomenda\u00e7\u00f5es de curto prazo para empreendimentos e iniciativas voltadas ao transporte de bens e pessoas por rodovias, ferrovias, aeroportos, dutos e vias naveg\u00e1veis.<\/p>\n<p>Baseado nas melhores pr\u00e1ticas nacionais e internacionais de planejamento, o Pelt-MG proporciona maior previsibilidade na aplica\u00e7\u00e3o de recursos p\u00fablicos e privados, o que refor\u00e7a a seguran\u00e7a para investidores e contribui para a viabilidade de novas obras em todo o estado.<\/p>\n<p>Fonte: Ag\u00eancia Minas<\/p>\n","protected":false},"excerpt":{"rendered":"<p>O\u00a0Governo de Minas\u00a0apresentou, nesta quinta-feira (12\/6), os pr\u00f3ximos investimentos priorit\u00e1rios que ser\u00e3o realizados no setor de transportes e log\u00edstica em todo o estado. As a\u00e7\u00f5es foram definidas a partir do Plano Estadual de Log\u00edstica e Transportes de Minas Gerais (Pelt-MG) de curto prazo, focando na resolu\u00e7\u00e3o de problemas atualmente existentes. Coordenado pela\u00a0Secretaria de Estado de [&hellip;]<\/p>\n","protected":false},"author":246,"featured_media":228772,"comment_status":"closed","ping_status":"closed","sticky":false,"template":"","format":"standard","meta":{"footnotes":""},"categories":[436,440,261,254,439],"tags":[],"class_list":["post-228771","post","type-post","status-publish","format-standard","has-post-thumbnail","hentry","category-destaque-da-semana","category-destaques-do-dia","category-economia","category-politica","category-ultima-hora"],"_links":{"self":[{"href":"https:\/\/diarioregionaldigital.com.br\/index.php?rest_route=\/wp\/v2\/posts\/228771","targetHints":{"allow":["GET"]}}],"collection":[{"href":"https:\/\/diarioregionaldigital.com.br\/index.php?rest_route=\/wp\/v2\/posts"}],"about":[{"href":"https:\/\/diarioregionaldigital.com.br\/index.php?rest_route=\/wp\/v2\/types\/post"}],"author":[{"embeddable":true,"href":"https:\/\/diarioregionaldigital.com.br\/index.php?rest_route=\/wp\/v2\/users\/246"}],"replies":[{"embeddable":true,"href":"https:\/\/diarioregionaldigital.com.br\/index.php?rest_route=%2Fwp%2Fv2%2Fcomments&post=228771"}],"version-history":[{"count":1,"href":"https:\/\/diarioregionaldigital.com.br\/index.php?rest_route=\/wp\/v2\/posts\/228771\/revisions"}],"predecessor-version":[{"id":228773,"href":"https:\/\/diarioregionaldigital.com.br\/index.php?rest_route=\/wp\/v2\/posts\/228771\/revisions\/228773"}],"wp:featuredmedia":[{"embeddable":true,"href":"https:\/\/diarioregionaldigital.com.br\/index.php?rest_route=\/wp\/v2\/media\/228772"}],"wp:attachment":[{"href":"https:\/\/diarioregionaldigital.com.br\/index.php?rest_route=%2Fwp%2Fv2%2Fmedia&parent=228771"}],"wp:term":[{"taxonomy":"category","embeddable":true,"href":"https:\/\/diarioregionaldigital.com.br\/index.php?rest_route=%2Fwp%2Fv2%2Fcategories&post=228771"},{"taxonomy":"post_tag","embeddable":true,"href":"https:\/\/diarioregionaldigital.com.br\/index.php?rest_route=%2Fwp%2Fv2%2Ftags&post=228771"}],"curies":[{"name":"wp","href":"https:\/\/api.w.org\/{rel}","templated":true}]}}