{"id":228761,"date":"2025-06-11T19:48:16","date_gmt":"2025-06-11T22:48:16","guid":{"rendered":"https:\/\/diarioregionaldigital.com.br\/?p=228761"},"modified":"2025-06-11T19:48:16","modified_gmt":"2025-06-11T22:48:16","slug":"museu-mariano-procopio-amplia-horario-de-funcionamento-aos-finais-de-semana-e-feriados","status":"publish","type":"post","link":"https:\/\/diarioregionaldigital.com.br\/?p=228761","title":{"rendered":"Museu Mariano Proc\u00f3pio amplia hor\u00e1rio de funcionamento aos finais de semana e feriados"},"content":{"rendered":"<p>Segundo informa\u00e7\u00f5es do site da Prefeitura de Juiz de Fora (PJF), a\u00a0partir deste final de semana, o Museu Mariano Proc\u00f3pio amplia o hor\u00e1rio de funcionamento nos <strong>s\u00e1bados, domingos e feriados<\/strong>, com o objetivo de melhor atender a comunidade e os visitantes: ele estar\u00e1 aberto das\u00a0<strong>9h \u00e0s 16h<\/strong>, permitindo que o p\u00fablico explore e desfrute do rico acervo hist\u00f3rico, cultural e natural do espa\u00e7o.<\/p>\n<p><strong>A\u00a0<\/strong>\u00a0mudan\u00e7a refor\u00e7a o compromisso do Museu Mariano Proc\u00f3pio com o acesso \u00e0 cultura e ao conhecimento, ampliando as possibilidades de visita\u00e7\u00e3o nos dias de maior fluxo de visitantes.<\/p>\n<p><strong>Confira os hor\u00e1rios de funcionamento<\/strong><\/p>\n<p><strong>Parque:<\/strong><\/p>\n<p>De ter\u00e7a a domingo: 8h \u00e0s 17h<\/p>\n<p><strong>Museu (Exposi\u00e7\u00f5es e Villa Ferreira Lage):<\/strong><\/p>\n<p>De ter\u00e7a a domingo: 9h \u00e0s 16h<\/p>\n<p>As manuten\u00e7\u00f5es internas e trabalhos de conserva\u00e7\u00e3o do espa\u00e7o e do acervo\u00a0s\u00e3o realizadas\u00a0nas segundas-feiras.<\/p>\n<p><strong>Visita\u00e7\u00e3o e Contato<\/strong><\/p>\n<p>A visita\u00e7\u00e3o ao museu continua\u00a0<strong>gratuita<\/strong>, e os visitantes podem aproveitar n\u00e3o apenas as exposi\u00e7\u00f5es, mas tamb\u00e9m as \u00e1reas externas do parque. Para mais informa\u00e7\u00f5es, entre em contato conosco:<\/p>\n<p>&#8211; Telefone: (32) 3690-2200<\/p>\n<p>&#8211; E-mail: mapro@pjf.mg.gov.br<\/p>\n","protected":false},"excerpt":{"rendered":"<p>Segundo informa\u00e7\u00f5es do site da Prefeitura de Juiz de Fora (PJF), a\u00a0partir deste final de semana, o Museu Mariano Proc\u00f3pio amplia o hor\u00e1rio de funcionamento nos s\u00e1bados, domingos e feriados, com o objetivo de melhor atender a comunidade e os visitantes: ele estar\u00e1 aberto das\u00a09h \u00e0s 16h, permitindo que o p\u00fablico explore e desfrute do [&hellip;]<\/p>\n","protected":false},"author":246,"featured_media":228762,"comment_status":"closed","ping_status":"closed","sticky":false,"template":"","format":"standard","meta":{"footnotes":""},"categories":[253,436,440,439],"tags":[],"class_list":["post-228761","post","type-post","status-publish","format-standard","has-post-thumbnail","hentry","category-cidade","category-destaque-da-semana","category-destaques-do-dia","category-ultima-hora"],"_links":{"self":[{"href":"https:\/\/diarioregionaldigital.com.br\/index.php?rest_route=\/wp\/v2\/posts\/228761","targetHints":{"allow":["GET"]}}],"collection":[{"href":"https:\/\/diarioregionaldigital.com.br\/index.php?rest_route=\/wp\/v2\/posts"}],"about":[{"href":"https:\/\/diarioregionaldigital.com.br\/index.php?rest_route=\/wp\/v2\/types\/post"}],"author":[{"embeddable":true,"href":"https:\/\/diarioregionaldigital.com.br\/index.php?rest_route=\/wp\/v2\/users\/246"}],"replies":[{"embeddable":true,"href":"https:\/\/diarioregionaldigital.com.br\/index.php?rest_route=%2Fwp%2Fv2%2Fcomments&post=228761"}],"version-history":[{"count":2,"href":"https:\/\/diarioregionaldigital.com.br\/index.php?rest_route=\/wp\/v2\/posts\/228761\/revisions"}],"predecessor-version":[{"id":228765,"href":"https:\/\/diarioregionaldigital.com.br\/index.php?rest_route=\/wp\/v2\/posts\/228761\/revisions\/228765"}],"wp:featuredmedia":[{"embeddable":true,"href":"https:\/\/diarioregionaldigital.com.br\/index.php?rest_route=\/wp\/v2\/media\/228762"}],"wp:attachment":[{"href":"https:\/\/diarioregionaldigital.com.br\/index.php?rest_route=%2Fwp%2Fv2%2Fmedia&parent=228761"}],"wp:term":[{"taxonomy":"category","embeddable":true,"href":"https:\/\/diarioregionaldigital.com.br\/index.php?rest_route=%2Fwp%2Fv2%2Fcategories&post=228761"},{"taxonomy":"post_tag","embeddable":true,"href":"https:\/\/diarioregionaldigital.com.br\/index.php?rest_route=%2Fwp%2Fv2%2Ftags&post=228761"}],"curies":[{"name":"wp","href":"https:\/\/api.w.org\/{rel}","templated":true}]}}