{"id":228745,"date":"2025-06-11T19:39:28","date_gmt":"2025-06-11T22:39:28","guid":{"rendered":"https:\/\/diarioregionaldigital.com.br\/?p=228745"},"modified":"2025-06-11T19:39:28","modified_gmt":"2025-06-11T22:39:28","slug":"acordo-de-brumadinho-transfere-mais-de-r-70-milhoes-para-municipios-atingidos-executarem-obras-priorizadas-na-consulta-popular","status":"publish","type":"post","link":"https:\/\/diarioregionaldigital.com.br\/?p=228745","title":{"rendered":"Acordo de Brumadinho transfere mais de R$ 70 milh\u00f5es para munic\u00edpios atingidos executarem obras priorizadas na Consulta Popular"},"content":{"rendered":"<p>Obras de preven\u00e7\u00e3o de enchentes, reforma em est\u00e1dio e um novo terminal rodovi\u00e1rio ser\u00e3o feitas em Betim, Paraopeba e Papagaios, respectivamente, com recursos referentes ao Acordo de Brumadinho.\u00a0Os projetos foram priorizados pela popula\u00e7\u00e3o dos munic\u00edpios atingidos por meio de Consulta Popular e somam mais de R$ 70 milh\u00f5es. A\u00a0<a href=\"https:\/\/www.mg.gov.br\/planejamento\" target=\"_blank\" rel=\"noopener\">Secretaria de Estado de Planejamento e Gest\u00e3o (Seplag-MG)<\/a>\u00a0atua na interlocu\u00e7\u00e3o entre os atores envolvidos.<\/p>\n<p>As obras ser\u00e3o executadas pelas pr\u00f3prias prefeituras e fazem parte da obriga\u00e7\u00e3o de pagar da Vale, como parte do\u00a0<a href=\"https:\/\/www.mg.gov.br\/pro-brumadinho\/pagina\/reparacao-brumadinho-projetos-de-fortalecimento-dos-servicos-publicos-bacia-do-paraopeba\" target=\"_blank\" rel=\"noopener\">Anexo I.3<\/a>\u00a0do acordo, Projetos Socioecon\u00f4micos para a Bacia do Paraopeba.<\/p>\n<p>\u201cAvan\u00e7armos em obras que foram escolhidas pela pr\u00f3pria popula\u00e7\u00e3o dos munic\u00edpios atingidos demonstra o nosso comprometimento em rela\u00e7\u00e3o ao Acordo de Repara\u00e7\u00e3o de Brumadinho, de reparar e proporcionar pol\u00edticas p\u00fablicas aos mais afetados por essa trag\u00e9dia\u201d, destaca a secretaria de Estado de\u00a0<a href=\"https:\/\/www.mg.gov.br\/planejamento\" target=\"_blank\" rel=\"noopener\">Planejamento e Gest\u00e3o<\/a>, Silvia Listgarten.<\/p>\n<p>O Acordo de Brumadinho visa reparar os danos decorrentes do rompimento das barragens da Vale S.A. em Brumadinho, que tirou a vida de 272 pessoas e gerou uma s\u00e9rie de impactos sociais, ambientais e econ\u00f4micos na bacia do Rio Paraopeba e em todo o estado de Minas Gerais.<\/p>\n<p><b>Obras<\/b><\/p>\n<p>Em Betim, ser\u00e3o constru\u00eddas duas bacias de detec\u00e7\u00e3o e preven\u00e7\u00e3o de enchentes nos c\u00f3rregos Bandeirinhas e do Quebra, que abastecem o rio Betim. O recurso transferido foi de mais de R$ 54 milh\u00f5es e a previs\u00e3o de dura\u00e7\u00e3o das obras \u00e9 de 55 meses.<\/p>\n<p>Para a promotora de Justi\u00e7a do Minist\u00e9rio P\u00fablico de Minas Gerais (MPMG), Shirley Machado, a\u00a0constru\u00e7\u00e3o das bacias para preven\u00e7\u00e3o de enchentes em Betim \u00e9 uma iniciativa de grande relev\u00e2ncia no contexto do Acordo Judicial de Repara\u00e7\u00e3o. \u201cFoi um dos projetos mais votados pela popula\u00e7\u00e3o do munic\u00edpio na consulta popular para prioriza\u00e7\u00e3o das a\u00e7\u00f5es, o que reflete a demanda urgente por solu\u00e7\u00f5es estruturantes contra os recorrentes alagamentos que historicamente atingem a regi\u00e3o de Citrol\u00e2ndia\u201d afirma.<\/p>\n<p>J\u00e1 em Paraopeba, foram transferidos mais de R$ 8 milh\u00f5es, que ser\u00e3o usados nas obras do Est\u00e1dio Wander Marota. As melhorias ser\u00e3o na quadra poliesportiva, na quadra de areia, no campo de futebol, na tribuna e em \u00e1reas comuns. A previs\u00e3o \u00e9 que a obra dure 19 meses.<\/p>\n<p>Em Papagaios, ser\u00e1 constru\u00eddo um Terminal Rodovi\u00e1rio Municipal, na avenida Ant\u00f4nio Amorin. O valor destinado foi de mais de R$ 8 milh\u00f5es. A obra contar\u00e1 com uma \u00e1rea de aproximadamente 2.367 metros quadrados, sendo cerca de 620m\u00b2 de \u00e1rea coberta, que ir\u00e3o comportar at\u00e9 206 pessoas simultaneamente. A finaliza\u00e7\u00e3o da constru\u00e7\u00e3o est\u00e1 prevista para 28 meses.<\/p>\n<p><b>Fortalecimento de servi\u00e7os de sa\u00fade e socioassistenciais<\/b><\/p>\n<p>Tamb\u00e9m est\u00e3o inclusos na transfer\u00eancia de recursos repasses para fortalecimento dos servi\u00e7os de sa\u00fade e socioassistenciais de seis munic\u00edpios. Foram repassados cerca de R$ 2,1 milh\u00f5es para Juatuba, Maravilhas, Papagaios, Pequi e Par\u00e1 de Minas. O objetivo \u00e9 estruturar e qualificar servi\u00e7os e equipamentos relacionados ao Sistema \u00danico de Assist\u00eancia Social (Suas) de cada munic\u00edpio.<\/p>\n<p>Para Mateus Leme e Pequi, o recurso transferido, de R$ 471.937,83, ser\u00e1 usado nos projetos Fortalecimento da Aten\u00e7\u00e3o Prim\u00e1ria \u00e0 Sa\u00fade e Promove Minas. O primeiro \u00e9 focado na estrutura\u00e7\u00e3o e adequa\u00e7\u00e3o das Unidades de Aten\u00e7\u00e3o Prim\u00e1ria e na qualifica\u00e7\u00e3o das equipes de trabalho. J\u00e1 o Promove Minas \u00e9 para a\u00e7\u00f5es de promo\u00e7\u00e3o da manuten\u00e7\u00e3o das Equipes Multidisciplinares de sa\u00fade dos munic\u00edpios.<\/p>\n<p>Fonte: Ag\u00eancia Minas<\/p>\n","protected":false},"excerpt":{"rendered":"<p>Obras de preven\u00e7\u00e3o de enchentes, reforma em est\u00e1dio e um novo terminal rodovi\u00e1rio ser\u00e3o feitas em Betim, Paraopeba e Papagaios, respectivamente, com recursos referentes ao Acordo de Brumadinho.\u00a0Os projetos foram priorizados pela popula\u00e7\u00e3o dos munic\u00edpios atingidos por meio de Consulta Popular e somam mais de R$ 70 milh\u00f5es. A\u00a0Secretaria de Estado de Planejamento e Gest\u00e3o [&hellip;]<\/p>\n","protected":false},"author":246,"featured_media":228746,"comment_status":"closed","ping_status":"closed","sticky":false,"template":"","format":"standard","meta":{"footnotes":""},"categories":[436,440,261,254,439],"tags":[],"class_list":["post-228745","post","type-post","status-publish","format-standard","has-post-thumbnail","hentry","category-destaque-da-semana","category-destaques-do-dia","category-economia","category-politica","category-ultima-hora"],"_links":{"self":[{"href":"https:\/\/diarioregionaldigital.com.br\/index.php?rest_route=\/wp\/v2\/posts\/228745","targetHints":{"allow":["GET"]}}],"collection":[{"href":"https:\/\/diarioregionaldigital.com.br\/index.php?rest_route=\/wp\/v2\/posts"}],"about":[{"href":"https:\/\/diarioregionaldigital.com.br\/index.php?rest_route=\/wp\/v2\/types\/post"}],"author":[{"embeddable":true,"href":"https:\/\/diarioregionaldigital.com.br\/index.php?rest_route=\/wp\/v2\/users\/246"}],"replies":[{"embeddable":true,"href":"https:\/\/diarioregionaldigital.com.br\/index.php?rest_route=%2Fwp%2Fv2%2Fcomments&post=228745"}],"version-history":[{"count":2,"href":"https:\/\/diarioregionaldigital.com.br\/index.php?rest_route=\/wp\/v2\/posts\/228745\/revisions"}],"predecessor-version":[{"id":228748,"href":"https:\/\/diarioregionaldigital.com.br\/index.php?rest_route=\/wp\/v2\/posts\/228745\/revisions\/228748"}],"wp:featuredmedia":[{"embeddable":true,"href":"https:\/\/diarioregionaldigital.com.br\/index.php?rest_route=\/wp\/v2\/media\/228746"}],"wp:attachment":[{"href":"https:\/\/diarioregionaldigital.com.br\/index.php?rest_route=%2Fwp%2Fv2%2Fmedia&parent=228745"}],"wp:term":[{"taxonomy":"category","embeddable":true,"href":"https:\/\/diarioregionaldigital.com.br\/index.php?rest_route=%2Fwp%2Fv2%2Fcategories&post=228745"},{"taxonomy":"post_tag","embeddable":true,"href":"https:\/\/diarioregionaldigital.com.br\/index.php?rest_route=%2Fwp%2Fv2%2Ftags&post=228745"}],"curies":[{"name":"wp","href":"https:\/\/api.w.org\/{rel}","templated":true}]}}