{"id":228734,"date":"2025-06-10T18:14:43","date_gmt":"2025-06-10T21:14:43","guid":{"rendered":"https:\/\/diarioregionaldigital.com.br\/?p=228734"},"modified":"2025-06-10T18:14:43","modified_gmt":"2025-06-10T21:14:43","slug":"fiscalizacao-de-posturas-realiza-apreensao-de-materiais-irregulares-no-bairro-benfica","status":"publish","type":"post","link":"https:\/\/diarioregionaldigital.com.br\/?p=228734","title":{"rendered":"Fiscaliza\u00e7\u00e3o de Posturas realiza apreens\u00e3o de materiais irregulares no bairro Benfica"},"content":{"rendered":"<p>Segundo informa\u00e7\u00f5es do site da Prefeitura de Juiz de Fora (PJF), a PJF, por meio da Fiscaliza\u00e7\u00e3o de Posturas da Secretaria de Desenvolvimento Urbano com Participa\u00e7\u00e3o Popular (SEDUPP), em parceria com a Pol\u00edcia Civil, realizou mais uma opera\u00e7\u00e3o de apreens\u00e3o de materiais irregulares no bairro Benfica. A a\u00e7\u00e3o ocorreu na \u00faltima quinta-feira, 5, e resultou na apreens\u00e3o de 22 itens utilizados para a estrutura\u00e7\u00e3o de um empreendimento que ocupava e funcionava de forma irregular na Pra\u00e7a Coronel Jeremias Garcia.<\/p>\n<p>Entre os materiais recolhidos est\u00e3o: dois pula-pulas, duas tendas, um freezer, tr\u00eas isopores, uma churrasqueira, tr\u00eas cadeiras de pl\u00e1stico, uma piscina de bolinhas, uma lixeira, dois bancos de pl\u00e1stico pequenos, quatro mesas de pl\u00e1stico, um banco de madeira pequeno e uma cadeira de madeira. A opera\u00e7\u00e3o foi realizada a partir de uma <a href=\"https:\/\/www.pjf.mg.gov.br\/noticias\/view.php?modo=link2&amp;idnoticia2=86193\">a\u00e7\u00e3o de orienta\u00e7\u00e3o do Com\u00e9rcio Legal em Benfica<\/a> no in\u00edcio do m\u00eas de maio.<\/p>\n","protected":false},"excerpt":{"rendered":"<p>Segundo informa\u00e7\u00f5es do site da Prefeitura de Juiz de Fora (PJF), a PJF, por meio da Fiscaliza\u00e7\u00e3o de Posturas da Secretaria de Desenvolvimento Urbano com Participa\u00e7\u00e3o Popular (SEDUPP), em parceria com a Pol\u00edcia Civil, realizou mais uma opera\u00e7\u00e3o de apreens\u00e3o de materiais irregulares no bairro Benfica. A a\u00e7\u00e3o ocorreu na \u00faltima quinta-feira, 5, e resultou [&hellip;]<\/p>\n","protected":false},"author":246,"featured_media":228735,"comment_status":"closed","ping_status":"closed","sticky":false,"template":"","format":"standard","meta":{"footnotes":""},"categories":[253,436,440,439],"tags":[],"class_list":["post-228734","post","type-post","status-publish","format-standard","has-post-thumbnail","hentry","category-cidade","category-destaque-da-semana","category-destaques-do-dia","category-ultima-hora"],"_links":{"self":[{"href":"https:\/\/diarioregionaldigital.com.br\/index.php?rest_route=\/wp\/v2\/posts\/228734","targetHints":{"allow":["GET"]}}],"collection":[{"href":"https:\/\/diarioregionaldigital.com.br\/index.php?rest_route=\/wp\/v2\/posts"}],"about":[{"href":"https:\/\/diarioregionaldigital.com.br\/index.php?rest_route=\/wp\/v2\/types\/post"}],"author":[{"embeddable":true,"href":"https:\/\/diarioregionaldigital.com.br\/index.php?rest_route=\/wp\/v2\/users\/246"}],"replies":[{"embeddable":true,"href":"https:\/\/diarioregionaldigital.com.br\/index.php?rest_route=%2Fwp%2Fv2%2Fcomments&post=228734"}],"version-history":[{"count":1,"href":"https:\/\/diarioregionaldigital.com.br\/index.php?rest_route=\/wp\/v2\/posts\/228734\/revisions"}],"predecessor-version":[{"id":228736,"href":"https:\/\/diarioregionaldigital.com.br\/index.php?rest_route=\/wp\/v2\/posts\/228734\/revisions\/228736"}],"wp:featuredmedia":[{"embeddable":true,"href":"https:\/\/diarioregionaldigital.com.br\/index.php?rest_route=\/wp\/v2\/media\/228735"}],"wp:attachment":[{"href":"https:\/\/diarioregionaldigital.com.br\/index.php?rest_route=%2Fwp%2Fv2%2Fmedia&parent=228734"}],"wp:term":[{"taxonomy":"category","embeddable":true,"href":"https:\/\/diarioregionaldigital.com.br\/index.php?rest_route=%2Fwp%2Fv2%2Fcategories&post=228734"},{"taxonomy":"post_tag","embeddable":true,"href":"https:\/\/diarioregionaldigital.com.br\/index.php?rest_route=%2Fwp%2Fv2%2Ftags&post=228734"}],"curies":[{"name":"wp","href":"https:\/\/api.w.org\/{rel}","templated":true}]}}