{"id":228731,"date":"2025-06-10T18:11:53","date_gmt":"2025-06-10T21:11:53","guid":{"rendered":"https:\/\/diarioregionaldigital.com.br\/?p=228731"},"modified":"2025-06-10T18:11:53","modified_gmt":"2025-06-10T21:11:53","slug":"governo-de-minas-abre-novos-leitos-para-reforcar-a-rede-de-atendimento-durante-sazonalidade-de-doencas-respiratorias","status":"publish","type":"post","link":"https:\/\/diarioregionaldigital.com.br\/?p=228731","title":{"rendered":"Governo de Minas abre novos leitos para refor\u00e7ar a rede de atendimento durante sazonalidade de doen\u00e7as respirat\u00f3rias"},"content":{"rendered":"<p>A rede hospitalar estadual est\u00e1 refor\u00e7ada para receber os casos de s\u00edndromes respirat\u00f3rias, com o aumento progressivo na oferta de novos leitos nas unidades da <a href=\"https:\/\/www.fhemig.mg.gov.br\/\" target=\"_blank\" rel=\"noopener\">Funda\u00e7\u00e3o Hospitalar do Estado de Minas Gerais (Fhemig)<\/a>.<\/p>\n<p>At\u00e9 o momento, 58 foram abertos nos hospitais Jo\u00e3o Paulo II, J\u00falia Kubitschek, Eduardo de Menezes e Maternidade Odete Valadares \u2013 em sua maioria, de Unidades de Terapia Intensiva (UTI). Quatro leitos de UTI adulto j\u00e1 foram abertos no Hospital Eduardo de Menezes e, nos pr\u00f3ximos dias, mais seis\u00a0ser\u00e3o disponibilizados, totalizando 64 leitos.<\/p>\n<p>Como em todos os anos, neste per\u00edodo aumenta a circula\u00e7\u00e3o de v\u00edrus que causam agravos respirat\u00f3rios, como bronquiolite, influenza e rinites al\u00e9rgicas. A prepara\u00e7\u00e3o para a sazonalidade come\u00e7ou a ser pensada no final do ano passado, com a elabora\u00e7\u00e3o de planos de capacidade hospitalar e a an\u00e1lise epidemiol\u00f3gica dos \u00faltimos per\u00edodos.<\/p>\n<p>&nbsp;<\/p>\n<table border=\"0\" cellspacing=\"1\" cellpadding=\"1\" align=\"center\">\n<tbody>\n<tr>\n<td colspan=\"5\"><img decoding=\"async\" src=\"https:\/\/www.agenciaminas.mg.gov.br\/ckeditor_assets\/pictures\/20949\/content_2_olho_topo.jpg\" alt=\"\" \/><\/td>\n<\/tr>\n<tr>\n<td><\/td>\n<td colspan=\"3\" rowspan=\"3\">\n<h1><strong>&#8220;Com a chegada oficial do inverno nos pr\u00f3ximos dias, as doen\u00e7as respirat\u00f3rias continuam. Essa amplia\u00e7\u00e3o de leitos \u00e9 fruto de um trabalho integrado entre a Fhemig e a <a href=\"https:\/\/www.saude.mg.gov.br\/\" target=\"_blank\" rel=\"noopener\">Secretaria de Estado de Sa\u00fade (SES-MG)<\/a>, para garantir que nenhum paciente grave fique sem assist\u00eancia, especialmente neste per\u00edodo de sazonalidade&#8221;,\u00a0\u00a0afirma o secret\u00e1rio de Estado da SES-MG, F\u00e1bio Baccheretti.\u00a0<\/strong><\/h1>\n<\/td>\n<td><\/td>\n<\/tr>\n<tr>\n<td><\/td>\n<td><\/td>\n<\/tr>\n<tr>\n<td><\/td>\n<td><\/td>\n<\/tr>\n<tr>\n<td colspan=\"5\"><img decoding=\"async\" src=\"https:\/\/www.agenciaminas.mg.gov.br\/ckeditor_assets\/pictures\/20950\/content_2_olho_inferior.jpg\" alt=\"\" \/><\/td>\n<\/tr>\n<\/tbody>\n<\/table>\n<p><strong>Especialidades<\/strong><\/p>\n<p>Al\u00e9m do planejamento assistencial, foram abertas vagas para profissionais de diversas especialidades, recentemente, para refor\u00e7ar o quadro cl\u00ednico, permitindo a abertura de leitos.\u00a0Os hospitais da Fhemig t\u00eam atuado em sua plena capacidade operacional, com equipes e plant\u00f5es completos nas portas de entrada.<\/p>\n<p>\u201cA abertura desses leitos, especialmente de terapia intensiva, \u00e9 resultado de um grande esfor\u00e7o das unidades da Fhemig, garantindo a continuidade da assist\u00eancia \u00e0 popula\u00e7\u00e3o diante de uma situa\u00e7\u00e3o cr\u00edtica na sa\u00fade. Estamos preparados para responder com capacidade e responsabilidade ao atual cen\u00e1rio\u201d, avalia a diretora assistencial da Fhemig, Lucineia Carvalhais.<\/p>\n<p>Com os novos leitos, o atendimento nas demais unidades fica distribu\u00eddo em: Hospital Jo\u00e3o Paulo II (dez leitos de UTI pedi\u00e1trica); Hospital J\u00falia Kubistchek \u00a0(dez leitos de UTI neonatal, dez leitos de UTI adulto e dez leitos de enfermaria); Maternidade Odete Valadares (dez leitos na Unidade de Cuidados Intermedi\u00e1rios Neonatais (Ucin) e quatro leitos de UTI Neonatal (Utin);\u00a0Hospital Eduardo de Menezes (quatro leitos de UTI adulto, com previs\u00e3o de mais seis).<\/p>\n<p><strong>Recursos<\/strong><\/p>\n<p>Parte dos\u00a0equipamentos e mobili\u00e1rios de UTI foram adquiridos com recursos advindos do <a href=\"https:\/\/www.mg.gov.br\/pro-brumadinho\/pagina\/entenda-o-acordo-judicial-de-reparacao-ao-rompimento-em-brumadinho\" target=\"_blank\" rel=\"noopener\">Acordo de Repara\u00e7\u00e3o<\/a>, que tem como objetivo reparar os danos causados pelo rompimento das barragens da Vale S.A. em Brumadinho, que tirou a vida de 272 pessoas e gerou uma s\u00e9rie de impactos sociais, ambientais e econ\u00f4micos na bacia do Rio Paraopeba e em todo o estado.<\/p>\n<p>A rede estadual de sa\u00fade segue mobilizada para monitorar e responder ao crescimento no n\u00famero de casos, com assist\u00eancia adequada \u00e0 popula\u00e7\u00e3o.<\/p>\n<p>&nbsp;<\/p>\n<p>Fonte:Ag\u00eancia Minas<\/p>\n","protected":false},"excerpt":{"rendered":"<p>A rede hospitalar estadual est\u00e1 refor\u00e7ada para receber os casos de s\u00edndromes respirat\u00f3rias, com o aumento progressivo na oferta de novos leitos nas unidades da Funda\u00e7\u00e3o Hospitalar do Estado de Minas Gerais (Fhemig). At\u00e9 o momento, 58 foram abertos nos hospitais Jo\u00e3o Paulo II, J\u00falia Kubitschek, Eduardo de Menezes e Maternidade Odete Valadares \u2013 em [&hellip;]<\/p>\n","protected":false},"author":246,"featured_media":228732,"comment_status":"closed","ping_status":"closed","sticky":false,"template":"","format":"standard","meta":{"footnotes":""},"categories":[440,261,254,439],"tags":[],"class_list":["post-228731","post","type-post","status-publish","format-standard","has-post-thumbnail","hentry","category-destaques-do-dia","category-economia","category-politica","category-ultima-hora"],"_links":{"self":[{"href":"https:\/\/diarioregionaldigital.com.br\/index.php?rest_route=\/wp\/v2\/posts\/228731","targetHints":{"allow":["GET"]}}],"collection":[{"href":"https:\/\/diarioregionaldigital.com.br\/index.php?rest_route=\/wp\/v2\/posts"}],"about":[{"href":"https:\/\/diarioregionaldigital.com.br\/index.php?rest_route=\/wp\/v2\/types\/post"}],"author":[{"embeddable":true,"href":"https:\/\/diarioregionaldigital.com.br\/index.php?rest_route=\/wp\/v2\/users\/246"}],"replies":[{"embeddable":true,"href":"https:\/\/diarioregionaldigital.com.br\/index.php?rest_route=%2Fwp%2Fv2%2Fcomments&post=228731"}],"version-history":[{"count":1,"href":"https:\/\/diarioregionaldigital.com.br\/index.php?rest_route=\/wp\/v2\/posts\/228731\/revisions"}],"predecessor-version":[{"id":228733,"href":"https:\/\/diarioregionaldigital.com.br\/index.php?rest_route=\/wp\/v2\/posts\/228731\/revisions\/228733"}],"wp:featuredmedia":[{"embeddable":true,"href":"https:\/\/diarioregionaldigital.com.br\/index.php?rest_route=\/wp\/v2\/media\/228732"}],"wp:attachment":[{"href":"https:\/\/diarioregionaldigital.com.br\/index.php?rest_route=%2Fwp%2Fv2%2Fmedia&parent=228731"}],"wp:term":[{"taxonomy":"category","embeddable":true,"href":"https:\/\/diarioregionaldigital.com.br\/index.php?rest_route=%2Fwp%2Fv2%2Fcategories&post=228731"},{"taxonomy":"post_tag","embeddable":true,"href":"https:\/\/diarioregionaldigital.com.br\/index.php?rest_route=%2Fwp%2Fv2%2Ftags&post=228731"}],"curies":[{"name":"wp","href":"https:\/\/api.w.org\/{rel}","templated":true}]}}