{"id":228728,"date":"2025-06-10T18:09:19","date_gmt":"2025-06-10T21:09:19","guid":{"rendered":"https:\/\/diarioregionaldigital.com.br\/?p=228728"},"modified":"2025-06-10T18:09:52","modified_gmt":"2025-06-10T21:09:52","slug":"feirao-de-empregos-do-governo-de-minas-oferece-8-mil-vagas-a-trabalhadores-em-busca-de-oportunidades","status":"publish","type":"post","link":"https:\/\/diarioregionaldigital.com.br\/?p=228728","title":{"rendered":"Feir\u00e3o de Empregos do Governo de Minas oferece 8 mil vagas a trabalhadores em busca de oportunidades"},"content":{"rendered":"<p>&#8220;Eu estava h\u00e1 tr\u00eas meses sem emprego. Vim de Santa Luzia procurar uma oportunidade e sa\u00ed feliz. Queria agradecer ao governo por ter proporcionado essa chance para as pessoas&#8221;, diz Ricardo Augusto dos Reis. Ele chegou com expectativa ao 2\u00ba Feir\u00e3o de Empregos, promovido pelo <a href=\"https:\/\/www.mg.gov.br\/\" target=\"_blank\" rel=\"noopener\">Governo de Minas<\/a>, sob coordena\u00e7\u00e3o da <a href=\"https:\/\/social.mg.gov.br\/\" target=\"_blank\" rel=\"noopener\">Secretaria de Estado de Desenvolvimento Social (Sedese)<\/a>,\u00a0e\u00a0em pouco tempo\u00a0j\u00e1 saiu com uma vaga garantida para trabalhar como forneiro em uma rede de supermercados.<\/p>\n<p>O governador Romeu Zema acompanhou a feira nesta ter\u00e7a-feira (10\/6), no Centro de Refer\u00eancia das Juventudes (CRJ), no Centro\u00a0de Belo Horizonte, onde as pessoas puderam buscar novas oportunidades nas\u00a070 empresas participantes da iniciativa.<\/p>\n<p>O chefe do Executivo mineiro celebrou o sucesso do Feir\u00e3o de Empregos e a perspectiva de melhora em um cen\u00e1rio favor\u00e1vel no estado. &#8220;A situa\u00e7\u00e3o hoje em Minas \u00e9 de praticamente, pleno emprego, a menor taxa de desemprego da s\u00e9rie hist\u00f3rica&#8221;, disse Zema,\u00a0ao lembrar que foram criados 981.224 empregos desde 2019, que\u00a0se aproxima do marco de 1 milh\u00e3o de novos postos de trabalho no per\u00edodo.<\/p>\n<table border=\"0\" cellspacing=\"1\" cellpadding=\"1\" align=\"center\">\n<tbody>\n<tr>\n<td colspan=\"5\"><img decoding=\"async\" src=\"https:\/\/www.agenciaminas.mg.gov.br\/ckeditor_assets\/pictures\/20949\/content_2_olho_topo.jpg\" alt=\"\" \/><\/td>\n<\/tr>\n<tr>\n<td><\/td>\n<td colspan=\"3\" rowspan=\"3\">\n<h1><strong>&#8220;Ser\u00e3o\u00a01 milh\u00e3o de pessoas passando a ter emprego formal, uma condi\u00e7\u00e3o de vida mais digna, de se qualificar, e emprego e renda \u00e9 o que n\u00f3s estamos buscando para os mineiros&#8221;, afirma\u00a0o governador Romeu Zema.<\/strong><\/h1>\n<\/td>\n<td><\/td>\n<\/tr>\n<tr>\n<td><\/td>\n<td><\/td>\n<\/tr>\n<tr>\n<td><\/td>\n<td><\/td>\n<\/tr>\n<tr>\n<td colspan=\"5\"><img decoding=\"async\" src=\"https:\/\/www.agenciaminas.mg.gov.br\/ckeditor_assets\/pictures\/20950\/content_2_olho_inferior.jpg\" alt=\"\" \/><\/td>\n<\/tr>\n<\/tbody>\n<\/table>\n<p>&#8220;Para mim, \u00e9 uma satisfa\u00e7\u00e3o muito grande ver essas filas, atendendo muitas pessoas, muitas saindo empregadas. Esta feira \u00e9 de extrema import\u00e2ncia. Geralmente, as pessoas est\u00e3o procurando uma nova vaga\u00a0em algo em que possam ganhar mais, se qualificar ou se realizar, e aqui est\u00e1 uma grande oportunidade&#8221;, conclui o governador de Minas Gerais.<\/p>\n<p>O n\u00famero de vagas ofertadas chegou a mais de 8 mil em diferentes setores, como com\u00e9rcio, servi\u00e7os, constru\u00e7\u00e3o civil e ind\u00fastria. A secret\u00e1ria de Estado de Desenvolvimento Social de Minas Gerais, Al\u00ea Portela, destaca o crescimento do evento.<\/p>\n<table border=\"0\" cellspacing=\"1\" cellpadding=\"1\" align=\"center\">\n<tbody>\n<tr>\n<td colspan=\"5\"><img decoding=\"async\" src=\"https:\/\/www.agenciaminas.mg.gov.br\/ckeditor_assets\/pictures\/20949\/content_2_olho_topo.jpg\" alt=\"\" \/><\/td>\n<\/tr>\n<tr>\n<td><\/td>\n<td colspan=\"3\" rowspan=\"3\">\n<h1><strong>&#8220;Nesta edi\u00e7\u00e3o, tivemos mais que o dobro de vagas em rela\u00e7\u00e3o ao ano passado, al\u00e9m de um aumento tamb\u00e9m no n\u00famero de empresas participantes. Isso mostra o compromisso do Governo de Minas em continuar criando oportunidades e transformando vidas&#8221;, afirma Al\u00ea Portela.<\/strong><\/h1>\n<\/td>\n<td><\/td>\n<\/tr>\n<tr>\n<td><\/td>\n<td><\/td>\n<\/tr>\n<tr>\n<td><\/td>\n<td><\/td>\n<\/tr>\n<tr>\n<td colspan=\"5\"><img decoding=\"async\" src=\"https:\/\/www.agenciaminas.mg.gov.br\/ckeditor_assets\/pictures\/20950\/content_2_olho_inferior.jpg\" alt=\"\" \/><\/td>\n<\/tr>\n<\/tbody>\n<\/table>\n<p><strong>Oportunidades para jovens<\/strong><\/p>\n<p>Uma \u00e1rea voltada para vagas de jovem aprendiz tamb\u00e9m atraiu grande movimento. Lucas Felipe da Silva procurou o feir\u00e3o em busca de oportunidades na \u00e1rea de inform\u00e1tica. &#8220;J\u00e1 fiz uma entrevista e agora estou com uma expectativa muito boa de conseguir meu primeiro emprego na \u00e1rea que gosto&#8221;, comemora o jovem de 18 anos.<\/p>\n<figure class=\"image\"><img decoding=\"async\" src=\"https:\/\/www.agenciaminas.mg.gov.br\/ckeditor_assets\/pictures\/23060\/content_fe030_ricardo_augusto_julia_fernandes_sedese.png\" alt=\"\" \/><figcaption><em><sub>Ricardo conseguiu vaga para trabalhar como forneiro em uma rede de supermercados (Julia Fernandes \/ Sedese)<\/sub><\/em><\/figcaption><\/figure>\n<p><strong>Suporte completo e gratuito<\/strong><\/p>\n<p>Quem foi ao feir\u00e3o tamb\u00e9m teve acesso a diversos servi\u00e7os totalmente gratuitos. A partir do programa Minas Forma, do Governo de Minas, em parceria com o Servi\u00e7o Nacional de Aprendizagem Comercial (Senac Minas), foram oferecidas diversas oportunidades de qualifica\u00e7\u00e3o, com rodas de conversa e encaminhamento para cursos profissionalizantes.<\/p>\n<p>Os trabalhadores tamb\u00e9m receberam atendimento completo do Sistema Nacional de Emprego (Sine-MG), e puderam tirar d\u00favidas relacionadas ao cadastro, ao seguro-desemprego e \u00e0 Carteira de Trabalho Digital.<\/p>\n<p>Por fim, um varal solid\u00e1rio feminino, com doa\u00e7\u00e3o de roupas para entrevistas, tamb\u00e9m estava dispon\u00edvel no local. Al\u00e9m disso, o Sistema Divina Provid\u00eancia ofereceu corte de cabelo para os trabalhadores.<\/p>\n<p><strong>Mercado de trabalho em alta<\/strong><\/p>\n<p>Com n\u00fameros positivos nos \u00faltimos meses, Minas Gerais segue com o mercado de trabalho aquecido. Dados do Novo Cadastro Geral de Empregados e Desempregados (Novo Caged) apontam que o estado j\u00e1 soma 105.584 novos postos de trabalho com carteira assinada em 2025.<\/p>\n<p>Somente em abril, foram criadas 29.083 oportunidades para os trabalhadores de Minas, sendo o melhor resultado para o per\u00edodo em toda a s\u00e9rie hist\u00f3rica, iniciada em 2020.<\/p>\n<p>&nbsp;<\/p>\n<p>Fonte: Ag\u00eancia Minas<\/p>\n","protected":false},"excerpt":{"rendered":"<p>&#8220;Eu estava h\u00e1 tr\u00eas meses sem emprego. Vim de Santa Luzia procurar uma oportunidade e sa\u00ed feliz. Queria agradecer ao governo por ter proporcionado essa chance para as pessoas&#8221;, diz Ricardo Augusto dos Reis. Ele chegou com expectativa ao 2\u00ba Feir\u00e3o de Empregos, promovido pelo Governo de Minas, sob coordena\u00e7\u00e3o da Secretaria de Estado de [&hellip;]<\/p>\n","protected":false},"author":246,"featured_media":228729,"comment_status":"closed","ping_status":"closed","sticky":false,"template":"","format":"standard","meta":{"footnotes":""},"categories":[436,440,261,254,1],"tags":[],"class_list":["post-228728","post","type-post","status-publish","format-standard","has-post-thumbnail","hentry","category-destaque-da-semana","category-destaques-do-dia","category-economia","category-politica","category-sem-categoria"],"_links":{"self":[{"href":"https:\/\/diarioregionaldigital.com.br\/index.php?rest_route=\/wp\/v2\/posts\/228728","targetHints":{"allow":["GET"]}}],"collection":[{"href":"https:\/\/diarioregionaldigital.com.br\/index.php?rest_route=\/wp\/v2\/posts"}],"about":[{"href":"https:\/\/diarioregionaldigital.com.br\/index.php?rest_route=\/wp\/v2\/types\/post"}],"author":[{"embeddable":true,"href":"https:\/\/diarioregionaldigital.com.br\/index.php?rest_route=\/wp\/v2\/users\/246"}],"replies":[{"embeddable":true,"href":"https:\/\/diarioregionaldigital.com.br\/index.php?rest_route=%2Fwp%2Fv2%2Fcomments&post=228728"}],"version-history":[{"count":1,"href":"https:\/\/diarioregionaldigital.com.br\/index.php?rest_route=\/wp\/v2\/posts\/228728\/revisions"}],"predecessor-version":[{"id":228730,"href":"https:\/\/diarioregionaldigital.com.br\/index.php?rest_route=\/wp\/v2\/posts\/228728\/revisions\/228730"}],"wp:featuredmedia":[{"embeddable":true,"href":"https:\/\/diarioregionaldigital.com.br\/index.php?rest_route=\/wp\/v2\/media\/228729"}],"wp:attachment":[{"href":"https:\/\/diarioregionaldigital.com.br\/index.php?rest_route=%2Fwp%2Fv2%2Fmedia&parent=228728"}],"wp:term":[{"taxonomy":"category","embeddable":true,"href":"https:\/\/diarioregionaldigital.com.br\/index.php?rest_route=%2Fwp%2Fv2%2Fcategories&post=228728"},{"taxonomy":"post_tag","embeddable":true,"href":"https:\/\/diarioregionaldigital.com.br\/index.php?rest_route=%2Fwp%2Fv2%2Ftags&post=228728"}],"curies":[{"name":"wp","href":"https:\/\/api.w.org\/{rel}","templated":true}]}}