{"id":228719,"date":"2025-06-06T13:09:03","date_gmt":"2025-06-06T16:09:03","guid":{"rendered":"https:\/\/diarioregionaldigital.com.br\/?p=228719"},"modified":"2025-06-06T13:09:03","modified_gmt":"2025-06-06T16:09:03","slug":"comercio-legal-apreende-mais-de-500-produtos-irregulares-em-acao-no-centro","status":"publish","type":"post","link":"https:\/\/diarioregionaldigital.com.br\/?p=228719","title":{"rendered":"Com\u00e9rcio Legal apreende mais de 500 produtos irregulares em a\u00e7\u00e3o no centro"},"content":{"rendered":"<p>Segundo informa\u00e7\u00f5es do site da Prefeitura de Juiz de Fora (PJF), nesta semana, a Prefeitura de Juiz de Fora (PJF), por meio da Fiscaliza\u00e7\u00e3o de Posturas da Secretaria de Desenvolvimento Urbano com Participa\u00e7\u00e3o Popular (SEDUPP), realizou a apreens\u00e3o de mais de 500 produtos que seriam vendidos de maneira irregular no Centro.<\/p>\n<p>Ao todo, 548 materiais foram recolhidos entre 223 pares de meias, 95 \u00f3culos de grau e de sol, 129 unidades de noni, aproximadamente 15 kg de mandioca, al\u00e9m de produtos variados como banquetas pl\u00e1sticas, carrinhos de m\u00e3o e metal, tubos de cola instant\u00e2nea, espelhos, pilhas, carregadores, controle remoto e outros itens que estavam sendo comercializados sem autoriza\u00e7\u00e3o.<\/p>\n<p>Caso o vendedor irregular queira retomar a mercadoria apreendida, \u00e9 preciso, num prazo de 15 dias, protocolar pedido atrav\u00e9s do Prefeitura \u00c1gil e efetuar o pagamento de multa e taxa de apreens\u00e3o. \u00c9 necess\u00e1rio apresentar comprovante de propriedade, como nota fiscal. Caso contr\u00e1rio, conforme previsto no c\u00f3digo de posturas, os materiais s\u00e3o doados. J\u00e1 os produtos perec\u00edveis, em boas condi\u00e7\u00f5es sanit\u00e1rias, s\u00e3o imediatamente encaminhados \u00e0s institui\u00e7\u00f5es cadastradas. G\u00eaneros aliment\u00edcios e produtos de proced\u00eancia duvidosa n\u00e3o s\u00e3o devolvidos<\/p>\n","protected":false},"excerpt":{"rendered":"<p>Segundo informa\u00e7\u00f5es do site da Prefeitura de Juiz de Fora (PJF), nesta semana, a Prefeitura de Juiz de Fora (PJF), por meio da Fiscaliza\u00e7\u00e3o de Posturas da Secretaria de Desenvolvimento Urbano com Participa\u00e7\u00e3o Popular (SEDUPP), realizou a apreens\u00e3o de mais de 500 produtos que seriam vendidos de maneira irregular no Centro. Ao todo, 548 materiais [&hellip;]<\/p>\n","protected":false},"author":246,"featured_media":228720,"comment_status":"closed","ping_status":"closed","sticky":false,"template":"","format":"standard","meta":{"footnotes":""},"categories":[253,436,440,439],"tags":[],"class_list":["post-228719","post","type-post","status-publish","format-standard","has-post-thumbnail","hentry","category-cidade","category-destaque-da-semana","category-destaques-do-dia","category-ultima-hora"],"_links":{"self":[{"href":"https:\/\/diarioregionaldigital.com.br\/index.php?rest_route=\/wp\/v2\/posts\/228719","targetHints":{"allow":["GET"]}}],"collection":[{"href":"https:\/\/diarioregionaldigital.com.br\/index.php?rest_route=\/wp\/v2\/posts"}],"about":[{"href":"https:\/\/diarioregionaldigital.com.br\/index.php?rest_route=\/wp\/v2\/types\/post"}],"author":[{"embeddable":true,"href":"https:\/\/diarioregionaldigital.com.br\/index.php?rest_route=\/wp\/v2\/users\/246"}],"replies":[{"embeddable":true,"href":"https:\/\/diarioregionaldigital.com.br\/index.php?rest_route=%2Fwp%2Fv2%2Fcomments&post=228719"}],"version-history":[{"count":1,"href":"https:\/\/diarioregionaldigital.com.br\/index.php?rest_route=\/wp\/v2\/posts\/228719\/revisions"}],"predecessor-version":[{"id":228721,"href":"https:\/\/diarioregionaldigital.com.br\/index.php?rest_route=\/wp\/v2\/posts\/228719\/revisions\/228721"}],"wp:featuredmedia":[{"embeddable":true,"href":"https:\/\/diarioregionaldigital.com.br\/index.php?rest_route=\/wp\/v2\/media\/228720"}],"wp:attachment":[{"href":"https:\/\/diarioregionaldigital.com.br\/index.php?rest_route=%2Fwp%2Fv2%2Fmedia&parent=228719"}],"wp:term":[{"taxonomy":"category","embeddable":true,"href":"https:\/\/diarioregionaldigital.com.br\/index.php?rest_route=%2Fwp%2Fv2%2Fcategories&post=228719"},{"taxonomy":"post_tag","embeddable":true,"href":"https:\/\/diarioregionaldigital.com.br\/index.php?rest_route=%2Fwp%2Fv2%2Ftags&post=228719"}],"curies":[{"name":"wp","href":"https:\/\/api.w.org\/{rel}","templated":true}]}}