{"id":228713,"date":"2025-06-06T13:05:50","date_gmt":"2025-06-06T16:05:50","guid":{"rendered":"https:\/\/diarioregionaldigital.com.br\/?p=228713"},"modified":"2025-06-06T13:05:50","modified_gmt":"2025-06-06T16:05:50","slug":"governo-defende-fortalecimento-do-brics-com-ambicao-renovada","status":"publish","type":"post","link":"https:\/\/diarioregionaldigital.com.br\/?p=228713","title":{"rendered":"Governo defende fortalecimento do Brics com \u201cambi\u00e7\u00e3o renovada\u201d"},"content":{"rendered":"<p>Durante a <a href=\"https:\/\/agenciabrasil.ebc.com.br\/politica\/noticia\/2025-06\/congresso-defende-ampliacao-das-relacoes-sul-sul-em-forum-do-brics\" target=\"_blank\" rel=\"noopener\">abertura do 11\u00ba F\u00f3rum Parlamentar do Brics<\/a>, em Bras\u00edlia, o governo federal defendeu o fortalecimento institucional da organiza\u00e7\u00e3o multilateral. Al\u00e9m disso,\u00a0manifestou a expectativa de que a c\u00fapula do bloco, prevista\u00a0para os dias 6 e 7 de julho, seja um ponto de \u201cinflex\u00e3o e ambi\u00e7\u00e3o renovada\u201d da coaliz\u00e3o de 11 pa\u00edses-membros e nove\u00a0parceiros.<img decoding=\"async\" src=\"https:\/\/agenciabrasil.ebc.com.br\/ebc.png?id=1645403&amp;o=node\" \/><img decoding=\"async\" src=\"https:\/\/agenciabrasil.ebc.com.br\/ebc.gif?id=1645403&amp;o=node\" \/><\/p>\n<p><strong>O presidente da Rep\u00fablica em exerc\u00edcio, o vice-presidente Geraldo Alckmin,\u00a0defendeu no plen\u00e1rio do Senado, diante de\u00a0<a href=\"https:\/\/agenciabrasil.ebc.com.br\/economia\/noticia\/2025-06\/forum-parlamentar-do-brics-em-brasilia-reune-delegacoes-de-15-paises\" target=\"_blank\" rel=\"noopener\">representantes de parlamentos de 15 pa\u00edses do Brics<\/a>, que a amplia\u00e7\u00e3o do grupo exige seu fortalecimento institucional.<\/strong><\/p>\n<blockquote><p>\u201cA amplia\u00e7\u00e3o do grupo exige mais coes\u00e3o e efetividade. Os desafios que enfrentamos, da sa\u00fade global \u00e0 transi\u00e7\u00e3o verde, do avan\u00e7o tecnol\u00f3gico \u00e0 seguran\u00e7a internacional, s\u00e3o complexos e interconectados. Nenhum pa\u00eds pode enfrent\u00e1-los sozinho. Por isso, o papel dos nossos parlamentos \u00e9 decisivo\u201d, destacou.<\/p><\/blockquote>\n<p>A <a href=\"https:\/\/agenciabrasil.ebc.com.br\/internacional\/noticia\/2024-12\/brasil-assume-presidencia-do-brics-em-meio-expansao-do-bloco\" target=\"_blank\" rel=\"noopener\">presid\u00eancia do Brasil no Brics <\/a>neste ano de 2025 ocorre em meio \u00e0 expans\u00e3o do bloco e ao in\u00edcio do <a href=\"https:\/\/agenciabrasil.ebc.com.br\/internacional\/noticia\/2025-06\/parlamentares-do-brics-criticam-guerra-tarifaria-promovida-pelos-eua\" target=\"_blank\" rel=\"noopener\">novo mandato de Donald Trump, nos Estados Unidos (EUA)<\/a>, que tem rejeitado o multilateralismo em favor de construir solu\u00e7\u00f5es unilaterais ou bilaterais<\/p>\n<p>&nbsp;<\/p>\n<p>Fonte: Ag\u00eancia Brasil<\/p>\n","protected":false},"excerpt":{"rendered":"<p>Durante a abertura do 11\u00ba F\u00f3rum Parlamentar do Brics, em Bras\u00edlia, o governo federal defendeu o fortalecimento institucional da organiza\u00e7\u00e3o multilateral. Al\u00e9m disso,\u00a0manifestou a expectativa de que a c\u00fapula do bloco, prevista\u00a0para os dias 6 e 7 de julho, seja um ponto de \u201cinflex\u00e3o e ambi\u00e7\u00e3o renovada\u201d da coaliz\u00e3o de 11 pa\u00edses-membros e nove\u00a0parceiros. O [&hellip;]<\/p>\n","protected":false},"author":246,"featured_media":228714,"comment_status":"closed","ping_status":"closed","sticky":false,"template":"","format":"standard","meta":{"footnotes":""},"categories":[436,440,261,254,439],"tags":[],"class_list":["post-228713","post","type-post","status-publish","format-standard","has-post-thumbnail","hentry","category-destaque-da-semana","category-destaques-do-dia","category-economia","category-politica","category-ultima-hora"],"_links":{"self":[{"href":"https:\/\/diarioregionaldigital.com.br\/index.php?rest_route=\/wp\/v2\/posts\/228713","targetHints":{"allow":["GET"]}}],"collection":[{"href":"https:\/\/diarioregionaldigital.com.br\/index.php?rest_route=\/wp\/v2\/posts"}],"about":[{"href":"https:\/\/diarioregionaldigital.com.br\/index.php?rest_route=\/wp\/v2\/types\/post"}],"author":[{"embeddable":true,"href":"https:\/\/diarioregionaldigital.com.br\/index.php?rest_route=\/wp\/v2\/users\/246"}],"replies":[{"embeddable":true,"href":"https:\/\/diarioregionaldigital.com.br\/index.php?rest_route=%2Fwp%2Fv2%2Fcomments&post=228713"}],"version-history":[{"count":1,"href":"https:\/\/diarioregionaldigital.com.br\/index.php?rest_route=\/wp\/v2\/posts\/228713\/revisions"}],"predecessor-version":[{"id":228715,"href":"https:\/\/diarioregionaldigital.com.br\/index.php?rest_route=\/wp\/v2\/posts\/228713\/revisions\/228715"}],"wp:featuredmedia":[{"embeddable":true,"href":"https:\/\/diarioregionaldigital.com.br\/index.php?rest_route=\/wp\/v2\/media\/228714"}],"wp:attachment":[{"href":"https:\/\/diarioregionaldigital.com.br\/index.php?rest_route=%2Fwp%2Fv2%2Fmedia&parent=228713"}],"wp:term":[{"taxonomy":"category","embeddable":true,"href":"https:\/\/diarioregionaldigital.com.br\/index.php?rest_route=%2Fwp%2Fv2%2Fcategories&post=228713"},{"taxonomy":"post_tag","embeddable":true,"href":"https:\/\/diarioregionaldigital.com.br\/index.php?rest_route=%2Fwp%2Fv2%2Ftags&post=228713"}],"curies":[{"name":"wp","href":"https:\/\/api.w.org\/{rel}","templated":true}]}}