{"id":228710,"date":"2025-06-06T12:59:03","date_gmt":"2025-06-06T15:59:03","guid":{"rendered":"https:\/\/diarioregionaldigital.com.br\/?p=228710"},"modified":"2025-06-06T12:59:03","modified_gmt":"2025-06-06T15:59:03","slug":"poupanca-teve-r-3368-milhoes-em-entradas-liquidas-no-mes-de-maio","status":"publish","type":"post","link":"https:\/\/diarioregionaldigital.com.br\/?p=228710","title":{"rendered":"Poupan\u00e7a teve R$ 336,8 milh\u00f5es em entradas l\u00edquidas no m\u00eas de maio"},"content":{"rendered":"<p>Ap\u00f3s uma sequ\u00eancia de quatro meses seguidos com registros de mais saques do que dep\u00f3sitos, o saldo da aplica\u00e7\u00e3o na caderneta de poupan\u00e7a ficou positivo no m\u00eas de maio, em R$ 336.87 milh\u00f5es, segundo relat\u00f3rio divulgado nesta sexta-feira (6) pelo Banco Central (BC).<img decoding=\"async\" src=\"https:\/\/agenciabrasil.ebc.com.br\/ebc.png?id=1645765&amp;o=node\" \/><img decoding=\"async\" src=\"https:\/\/agenciabrasil.ebc.com.br\/ebc.gif?id=1645765&amp;o=node\" \/><\/p>\n<p><strong>De acordo com o Relat\u00f3rio de Poupan\u00e7a, os rendimentos creditados em maio nas contas de poupan\u00e7a somaram R$ 6 bilh\u00f5es, e o saldo se manteve pouco acima de R$ 1 trilh\u00e3o.<\/strong><\/p>\n<p>O saldo positivo obtido em maio decorre de um total de R$ 365,1 bilh\u00f5es em dep\u00f3sitos, ante aos R$ 364,7 bilh\u00f5es sacados das poupan\u00e7as. Em abril, os saques superaram os dep\u00f3sitos em R$ 6,4 bilh\u00f5es.<\/p>\n<p><strong>No acumulado em 2025, as cadernetas de poupan\u00e7a registraram saldo\u00a0total de R$ 51,77 bilh\u00f5es em resgates.<\/strong><\/p>\n<p>Entre as raz\u00f5es para os saques na poupan\u00e7a est\u00e1 a manuten\u00e7\u00e3o da Selic \u2013 a taxa b\u00e1sica de juros \u2013 em alta, o que estimula a aplica\u00e7\u00e3o em investimentos com melhor desempenho. Atualmente, a Selic est\u00e1 em 14,75%.<\/p>\n<p>&nbsp;<\/p>\n<p>Fonte: Ag\u00eancia Brasil<\/p>\n","protected":false},"excerpt":{"rendered":"<p>Ap\u00f3s uma sequ\u00eancia de quatro meses seguidos com registros de mais saques do que dep\u00f3sitos, o saldo da aplica\u00e7\u00e3o na caderneta de poupan\u00e7a ficou positivo no m\u00eas de maio, em R$ 336.87 milh\u00f5es, segundo relat\u00f3rio divulgado nesta sexta-feira (6) pelo Banco Central (BC). De acordo com o Relat\u00f3rio de Poupan\u00e7a, os rendimentos creditados em maio [&hellip;]<\/p>\n","protected":false},"author":246,"featured_media":228711,"comment_status":"closed","ping_status":"closed","sticky":false,"template":"","format":"standard","meta":{"footnotes":""},"categories":[436,440,261,254,439],"tags":[],"class_list":["post-228710","post","type-post","status-publish","format-standard","has-post-thumbnail","hentry","category-destaque-da-semana","category-destaques-do-dia","category-economia","category-politica","category-ultima-hora"],"_links":{"self":[{"href":"https:\/\/diarioregionaldigital.com.br\/index.php?rest_route=\/wp\/v2\/posts\/228710","targetHints":{"allow":["GET"]}}],"collection":[{"href":"https:\/\/diarioregionaldigital.com.br\/index.php?rest_route=\/wp\/v2\/posts"}],"about":[{"href":"https:\/\/diarioregionaldigital.com.br\/index.php?rest_route=\/wp\/v2\/types\/post"}],"author":[{"embeddable":true,"href":"https:\/\/diarioregionaldigital.com.br\/index.php?rest_route=\/wp\/v2\/users\/246"}],"replies":[{"embeddable":true,"href":"https:\/\/diarioregionaldigital.com.br\/index.php?rest_route=%2Fwp%2Fv2%2Fcomments&post=228710"}],"version-history":[{"count":1,"href":"https:\/\/diarioregionaldigital.com.br\/index.php?rest_route=\/wp\/v2\/posts\/228710\/revisions"}],"predecessor-version":[{"id":228712,"href":"https:\/\/diarioregionaldigital.com.br\/index.php?rest_route=\/wp\/v2\/posts\/228710\/revisions\/228712"}],"wp:featuredmedia":[{"embeddable":true,"href":"https:\/\/diarioregionaldigital.com.br\/index.php?rest_route=\/wp\/v2\/media\/228711"}],"wp:attachment":[{"href":"https:\/\/diarioregionaldigital.com.br\/index.php?rest_route=%2Fwp%2Fv2%2Fmedia&parent=228710"}],"wp:term":[{"taxonomy":"category","embeddable":true,"href":"https:\/\/diarioregionaldigital.com.br\/index.php?rest_route=%2Fwp%2Fv2%2Fcategories&post=228710"},{"taxonomy":"post_tag","embeddable":true,"href":"https:\/\/diarioregionaldigital.com.br\/index.php?rest_route=%2Fwp%2Fv2%2Ftags&post=228710"}],"curies":[{"name":"wp","href":"https:\/\/api.w.org\/{rel}","templated":true}]}}