{"id":228695,"date":"2025-06-06T11:37:08","date_gmt":"2025-06-06T14:37:08","guid":{"rendered":"https:\/\/diarioregionaldigital.com.br\/?p=228695"},"modified":"2025-06-06T13:00:11","modified_gmt":"2025-06-06T16:00:11","slug":"pjf-promove-28a-edicao-do-festival-esportivo-das-escolas-rurais","status":"publish","type":"post","link":"https:\/\/diarioregionaldigital.com.br\/?p=228695","title":{"rendered":"PJF promove 28\u00aa edi\u00e7\u00e3o do Festival Esportivo das Escolas Rurais"},"content":{"rendered":"<p>Segundo informa\u00e7\u00f5es do site da Prefeitura de Juiz de Fora (PJF), a PJF promove a 28\u00aa edi\u00e7\u00e3o do Festival Esportivo das Escolas Rurais (Festeru), com sete escolas municipais da Zona Rural. A primeira etapa foi realizada nesta quinta-feira ,5, com as provas de atletismo, sediadas na Universidade Federal de Juiz de Fora.<\/p>\n<div>Um total de 191 estudantes participaram da modalidade e todas as escolas tiveram \u00f4nibus e lanche gratuitos, oferecidos pela Secretaria de Esporte e Lazer (SEL). A pr\u00f3xima etapa ser\u00e1 em setembro com boliche, queimada, futebol, voleibol,\u00a0 xadrez e dama. J\u00e1 em novembro, ser\u00e1 realizado um dia de lazer para os estudantes mais novos. Essas duas \u00faltimas etapas ser\u00e3o no Parque Municipal.<\/div>\n<p>&nbsp;<\/p>\n<div>O objetivo do Festeru \u00e9 incentivar a mobiliza\u00e7\u00e3o e organiza\u00e7\u00e3o esportiva nas escolas, integrar os alunos dessas institui\u00e7\u00f5es e destacar a pr\u00e1tica esportiva como instrumento de forma\u00e7\u00e3o da personalidade e da cidadania.<\/div>\n<p>&nbsp;<\/p>\n<div><strong>Escolas participantes:<\/strong><\/div>\n<p>&nbsp;<\/p>\n<div>E.M. Helena Antipoff<\/div>\n<div>E. M. Gilberto de Alencar<\/div>\n<div>E. M. Pedro Marques<\/div>\n<div>E. M. Dom Justino<\/div>\n<div>E.M Padre Wilson<\/div>\n<div>E.M. Camilo Guedes<\/div>\n<div>E.M. Coronel Em\u00edlio Esteves<\/div>\n","protected":false},"excerpt":{"rendered":"<p>Segundo informa\u00e7\u00f5es do site da Prefeitura de Juiz de Fora (PJF), a PJF promove a 28\u00aa edi\u00e7\u00e3o do Festival Esportivo das Escolas Rurais (Festeru), com sete escolas municipais da Zona Rural. A primeira etapa foi realizada nesta quinta-feira ,5, com as provas de atletismo, sediadas na Universidade Federal de Juiz de Fora. Um total de [&hellip;]<\/p>\n","protected":false},"author":246,"featured_media":228696,"comment_status":"closed","ping_status":"closed","sticky":false,"template":"","format":"standard","meta":{"footnotes":""},"categories":[253,436,440,257,439],"tags":[],"class_list":["post-228695","post","type-post","status-publish","format-standard","has-post-thumbnail","hentry","category-cidade","category-destaque-da-semana","category-destaques-do-dia","category-esporte","category-ultima-hora"],"_links":{"self":[{"href":"https:\/\/diarioregionaldigital.com.br\/index.php?rest_route=\/wp\/v2\/posts\/228695","targetHints":{"allow":["GET"]}}],"collection":[{"href":"https:\/\/diarioregionaldigital.com.br\/index.php?rest_route=\/wp\/v2\/posts"}],"about":[{"href":"https:\/\/diarioregionaldigital.com.br\/index.php?rest_route=\/wp\/v2\/types\/post"}],"author":[{"embeddable":true,"href":"https:\/\/diarioregionaldigital.com.br\/index.php?rest_route=\/wp\/v2\/users\/246"}],"replies":[{"embeddable":true,"href":"https:\/\/diarioregionaldigital.com.br\/index.php?rest_route=%2Fwp%2Fv2%2Fcomments&post=228695"}],"version-history":[{"count":1,"href":"https:\/\/diarioregionaldigital.com.br\/index.php?rest_route=\/wp\/v2\/posts\/228695\/revisions"}],"predecessor-version":[{"id":228697,"href":"https:\/\/diarioregionaldigital.com.br\/index.php?rest_route=\/wp\/v2\/posts\/228695\/revisions\/228697"}],"wp:featuredmedia":[{"embeddable":true,"href":"https:\/\/diarioregionaldigital.com.br\/index.php?rest_route=\/wp\/v2\/media\/228696"}],"wp:attachment":[{"href":"https:\/\/diarioregionaldigital.com.br\/index.php?rest_route=%2Fwp%2Fv2%2Fmedia&parent=228695"}],"wp:term":[{"taxonomy":"category","embeddable":true,"href":"https:\/\/diarioregionaldigital.com.br\/index.php?rest_route=%2Fwp%2Fv2%2Fcategories&post=228695"},{"taxonomy":"post_tag","embeddable":true,"href":"https:\/\/diarioregionaldigital.com.br\/index.php?rest_route=%2Fwp%2Fv2%2Ftags&post=228695"}],"curies":[{"name":"wp","href":"https:\/\/api.w.org\/{rel}","templated":true}]}}