{"id":228676,"date":"2025-06-06T11:21:07","date_gmt":"2025-06-06T14:21:07","guid":{"rendered":"https:\/\/diarioregionaldigital.com.br\/?p=228676"},"modified":"2025-06-06T13:01:37","modified_gmt":"2025-06-06T16:01:37","slug":"defesa-civil-de-juiz-de-fora-aumenta-em-90-o-numero-de-vistorias-em-maio","status":"publish","type":"post","link":"https:\/\/diarioregionaldigital.com.br\/?p=228676","title":{"rendered":"Defesa Civil de Juiz de Fora aumenta em 90% o n\u00famero de vistorias em maio"},"content":{"rendered":"<p>Segundo informa\u00e7\u00f5es do site da Prefeitura de Juiz de Fora (PJF), a\u00a0Defesa Civil da Prefeitura de Juiz de Fora (PJF) realizou, em maio, 186 vistorias, o que representa um aumento de 91,75% em rela\u00e7\u00e3o ao mesmo per\u00edodo do ano passado. Ao longo do m\u00eas, foi registrado um aumento significativo de vistorias preventivas: essa categoria representa 88,17% do total de vistorias t\u00e9cnicas da Defesa Civil (de 81, em maio de 2024, para 164, em maio de 2025).<\/p>\n<p>Destaca-se a atua\u00e7\u00e3o em conjunto com o Corpo de Bombeiros e Fiscaliza\u00e7\u00e3o de Posturas, especialmente \u00e0quelas relacionadas ao projeto\u00a0Campanha Queimada Mata. O Gerente de Gest\u00e3o de Riscos de Desastres da Subsecretaria de Prote\u00e7\u00e3o e Defesa Civil, Wilson Rodrigues Lourinho Netto, relata que \u201cessas vistorias possibilitam identificar locais mais propensos \u00e0 a\u00e7\u00e3o de queimadas. Com a presen\u00e7a dos \u00f3rg\u00e3os envolvidos, agilizamos as a\u00e7\u00f5es poss\u00edveis, por parte do poder p\u00fablico,\u00a0 para coibir essa pr\u00e1tica\u201d.<\/p>\n<p>O cen\u00e1rio pluviom\u00e9trico do\u00a0 m\u00eas de maio tamb\u00e9m apontou, na maioria dos pontos de an\u00e1lise, volumes abaixo da m\u00e9dia esperada para o m\u00eas, de 38,6 mm.<\/p>\n<p>Ainda no m\u00eas de maio representantes das\u00a0Defesas Civis das cidades de Vi\u00e7osa e Ub\u00e1\u00a0estiveram presentes para a apresenta\u00e7\u00e3o das tecnologias e atividades realizadas pelo \u00f3rg\u00e3o. A Defesa Civil participou em maio do\u00a0VI Congresso da Sociedade de An\u00e1lise de Risco Latino-Americana, promovido pela Sociedade de An\u00e1lise de Risco Latino-Americana, entre os dias 19 e 23\/05\/2025.<\/p>\n","protected":false},"excerpt":{"rendered":"<p>Segundo informa\u00e7\u00f5es do site da Prefeitura de Juiz de Fora (PJF), a\u00a0Defesa Civil da Prefeitura de Juiz de Fora (PJF) realizou, em maio, 186 vistorias, o que representa um aumento de 91,75% em rela\u00e7\u00e3o ao mesmo per\u00edodo do ano passado. Ao longo do m\u00eas, foi registrado um aumento significativo de vistorias preventivas: essa categoria representa [&hellip;]<\/p>\n","protected":false},"author":246,"featured_media":228677,"comment_status":"closed","ping_status":"closed","sticky":false,"template":"","format":"standard","meta":{"footnotes":""},"categories":[253,436,439],"tags":[],"class_list":["post-228676","post","type-post","status-publish","format-standard","has-post-thumbnail","hentry","category-cidade","category-destaque-da-semana","category-ultima-hora"],"_links":{"self":[{"href":"https:\/\/diarioregionaldigital.com.br\/index.php?rest_route=\/wp\/v2\/posts\/228676","targetHints":{"allow":["GET"]}}],"collection":[{"href":"https:\/\/diarioregionaldigital.com.br\/index.php?rest_route=\/wp\/v2\/posts"}],"about":[{"href":"https:\/\/diarioregionaldigital.com.br\/index.php?rest_route=\/wp\/v2\/types\/post"}],"author":[{"embeddable":true,"href":"https:\/\/diarioregionaldigital.com.br\/index.php?rest_route=\/wp\/v2\/users\/246"}],"replies":[{"embeddable":true,"href":"https:\/\/diarioregionaldigital.com.br\/index.php?rest_route=%2Fwp%2Fv2%2Fcomments&post=228676"}],"version-history":[{"count":1,"href":"https:\/\/diarioregionaldigital.com.br\/index.php?rest_route=\/wp\/v2\/posts\/228676\/revisions"}],"predecessor-version":[{"id":228678,"href":"https:\/\/diarioregionaldigital.com.br\/index.php?rest_route=\/wp\/v2\/posts\/228676\/revisions\/228678"}],"wp:featuredmedia":[{"embeddable":true,"href":"https:\/\/diarioregionaldigital.com.br\/index.php?rest_route=\/wp\/v2\/media\/228677"}],"wp:attachment":[{"href":"https:\/\/diarioregionaldigital.com.br\/index.php?rest_route=%2Fwp%2Fv2%2Fmedia&parent=228676"}],"wp:term":[{"taxonomy":"category","embeddable":true,"href":"https:\/\/diarioregionaldigital.com.br\/index.php?rest_route=%2Fwp%2Fv2%2Fcategories&post=228676"},{"taxonomy":"post_tag","embeddable":true,"href":"https:\/\/diarioregionaldigital.com.br\/index.php?rest_route=%2Fwp%2Fv2%2Ftags&post=228676"}],"curies":[{"name":"wp","href":"https:\/\/api.w.org\/{rel}","templated":true}]}}