{"id":228673,"date":"2025-06-04T20:18:44","date_gmt":"2025-06-04T23:18:44","guid":{"rendered":"https:\/\/diarioregionaldigital.com.br\/?p=228673"},"modified":"2025-06-04T20:18:44","modified_gmt":"2025-06-04T23:18:44","slug":"simbolos-de-juiz-de-fora-levam-cidadania-para-criancas","status":"publish","type":"post","link":"https:\/\/diarioregionaldigital.com.br\/?p=228673","title":{"rendered":"S\u00edmbolos de Juiz de Fora levam cidadania para crian\u00e7as"},"content":{"rendered":"<p>Segundo informa\u00e7\u00f5es do site da Prefeitura de Juiz de Fora (PJF), um encontro realizado nesta ter\u00e7a-feira, 3, com alunos da Escola Municipal Jovita de Montreuil Brand\u00e3o, no Parque das \u00c1guas, contou com participa\u00e7\u00f5es especiais. A equipe do projeto Nossa Escola: Seguran\u00e7a, Cidadania e Cultura de Paz apresentou s\u00edmbolos da cidade para os alunos. O bras\u00e3o do munic\u00edpio, a figura do juiz de direito, o monumento do Cristo, os parques p\u00fablicos e a capivara foram alguns dos elementos usados para despertar o interesse pela hist\u00f3ria local. O objetivo da atividade foi gerar compreens\u00e3o sobre o direito de vivenciar a cidade, por meio de refer\u00eancias facilmente reconhec\u00edveis pelos pequenos.<\/p>\n<p>Desde o \u00faltimo m\u00eas, o Nossa Escola est\u00e1 trabalhando a tem\u00e1tica do anivers\u00e1rio da cidade. Os encontros buscam promover o protagonismo e o pertencimento em\u00a0um territ\u00f3rio marcado por contrastes e potencialidades. Oferecer informa\u00e7\u00f5es que incluam as crian\u00e7as, que permitam a elas entenderem que fazem parte do conjunto dos cidad\u00e3os que comp\u00f5em, constroem e s\u00e3o sujeitos de direitos em nossa cidade, perpassa toda a proposta do trabalho.<\/p>\n<p>A did\u00e1tica \u00e9 simples, enquanto est\u00e3o detidas sobre os desenhos, v\u00e3o aprendendo e assimilando o mundo para al\u00e9m dos limites do papel. Quase que numa brincadeira, d\u00e3o vida a desenhos e colorem tra\u00e7os de um imagin\u00e1rio de conhecimentos e viv\u00eancias poss\u00edveis. Assim exercem habilidades art\u00edsticas e ampliam horizontes de possibilidades cidad\u00e3s.<\/p>\n<p>O\u00a0\u201cNossa Escola\u201d atua para\u00a0o fortalecimento da escola como um espa\u00e7o de educa\u00e7\u00e3o, para a constru\u00e7\u00e3o do saber e de pessoas. A iniciativa busca desenvolver a cidadania e a cultura de paz, trabalhando quest\u00f5es relacionadas ao respeito, ao ambiente de paz e \u00e0 preven\u00e7\u00e3o \u00e0s viol\u00eancias junto \u00e0 comunidade escolar por meio de atividades socioculturais.<\/p>\n<p>&nbsp;<\/p>\n","protected":false},"excerpt":{"rendered":"<p>Segundo informa\u00e7\u00f5es do site da Prefeitura de Juiz de Fora (PJF), um encontro realizado nesta ter\u00e7a-feira, 3, com alunos da Escola Municipal Jovita de Montreuil Brand\u00e3o, no Parque das \u00c1guas, contou com participa\u00e7\u00f5es especiais. A equipe do projeto Nossa Escola: Seguran\u00e7a, Cidadania e Cultura de Paz apresentou s\u00edmbolos da cidade para os alunos. O bras\u00e3o [&hellip;]<\/p>\n","protected":false},"author":246,"featured_media":228674,"comment_status":"closed","ping_status":"closed","sticky":false,"template":"","format":"standard","meta":{"footnotes":""},"categories":[253,436,440,439],"tags":[],"class_list":["post-228673","post","type-post","status-publish","format-standard","has-post-thumbnail","hentry","category-cidade","category-destaque-da-semana","category-destaques-do-dia","category-ultima-hora"],"_links":{"self":[{"href":"https:\/\/diarioregionaldigital.com.br\/index.php?rest_route=\/wp\/v2\/posts\/228673","targetHints":{"allow":["GET"]}}],"collection":[{"href":"https:\/\/diarioregionaldigital.com.br\/index.php?rest_route=\/wp\/v2\/posts"}],"about":[{"href":"https:\/\/diarioregionaldigital.com.br\/index.php?rest_route=\/wp\/v2\/types\/post"}],"author":[{"embeddable":true,"href":"https:\/\/diarioregionaldigital.com.br\/index.php?rest_route=\/wp\/v2\/users\/246"}],"replies":[{"embeddable":true,"href":"https:\/\/diarioregionaldigital.com.br\/index.php?rest_route=%2Fwp%2Fv2%2Fcomments&post=228673"}],"version-history":[{"count":1,"href":"https:\/\/diarioregionaldigital.com.br\/index.php?rest_route=\/wp\/v2\/posts\/228673\/revisions"}],"predecessor-version":[{"id":228675,"href":"https:\/\/diarioregionaldigital.com.br\/index.php?rest_route=\/wp\/v2\/posts\/228673\/revisions\/228675"}],"wp:featuredmedia":[{"embeddable":true,"href":"https:\/\/diarioregionaldigital.com.br\/index.php?rest_route=\/wp\/v2\/media\/228674"}],"wp:attachment":[{"href":"https:\/\/diarioregionaldigital.com.br\/index.php?rest_route=%2Fwp%2Fv2%2Fmedia&parent=228673"}],"wp:term":[{"taxonomy":"category","embeddable":true,"href":"https:\/\/diarioregionaldigital.com.br\/index.php?rest_route=%2Fwp%2Fv2%2Fcategories&post=228673"},{"taxonomy":"post_tag","embeddable":true,"href":"https:\/\/diarioregionaldigital.com.br\/index.php?rest_route=%2Fwp%2Fv2%2Ftags&post=228673"}],"curies":[{"name":"wp","href":"https:\/\/api.w.org\/{rel}","templated":true}]}}