{"id":228667,"date":"2025-06-04T20:12:26","date_gmt":"2025-06-04T23:12:26","guid":{"rendered":"https:\/\/diarioregionaldigital.com.br\/?p=228667"},"modified":"2025-06-04T20:12:26","modified_gmt":"2025-06-04T23:12:26","slug":"brasil-estreia-na-liga-das-nacoes-com-vitoria-sobre-a-republica-tcheca","status":"publish","type":"post","link":"https:\/\/diarioregionaldigital.com.br\/?p=228667","title":{"rendered":"Brasil estreia na Liga das Na\u00e7\u00f5es com vit\u00f3ria sobre a Rep\u00fablica Tcheca"},"content":{"rendered":"<p>Apoiada por uma torcida apaixonada, a sele\u00e7\u00e3o feminina estreou na Liga das Na\u00e7\u00f5es Feminina (VNL) de v\u00f4lei com uma vit\u00f3ria por 3 sets a 0 (parciais de 25\/21, 25\/20 e 25\/17) sobre a Rep\u00fablica Tcheca, nesta quarta-feira (4) no gin\u00e1sio do Maracan\u00e3zinho.<img decoding=\"async\" src=\"https:\/\/agenciabrasil.ebc.com.br\/ebc.png?id=1645445&amp;o=node\" \/><img decoding=\"async\" src=\"https:\/\/agenciabrasil.ebc.com.br\/ebc.gif?id=1645445&amp;o=node\" \/><\/p>\n<p>O destaque do time do Brasil nesta quarta foi a ponteira Ana Cristina, que contribuiu com 16 pontos para a vit\u00f3ria da sele\u00e7\u00e3o, que tamb\u00e9m contou com boas atua\u00e7\u00f5es da oposta Tainara (com 13 pontos) e da ponteira Julia Bergmann (com 10 pontos).<\/p>\n<p>O pr\u00f3ximo compromisso da equipe comandada pelo t\u00e9cnico Z\u00e9 Roberto Guimar\u00e3es ser\u00e1 contra os Estados Unidos. O palco do confronto ser\u00e1 o Maracan\u00e3zinho. A partida est\u00e1 programada para ser disputada a partir das 21h (hor\u00e1rio de Bras\u00edlia) da pr\u00f3xima quinta-feira (5).<\/p>\n<p>Fonte: Ag\u00eancia Brasil<\/p>\n","protected":false},"excerpt":{"rendered":"<p>Apoiada por uma torcida apaixonada, a sele\u00e7\u00e3o feminina estreou na Liga das Na\u00e7\u00f5es Feminina (VNL) de v\u00f4lei com uma vit\u00f3ria por 3 sets a 0 (parciais de 25\/21, 25\/20 e 25\/17) sobre a Rep\u00fablica Tcheca, nesta quarta-feira (4) no gin\u00e1sio do Maracan\u00e3zinho. O destaque do time do Brasil nesta quarta foi a ponteira Ana Cristina, [&hellip;]<\/p>\n","protected":false},"author":246,"featured_media":228668,"comment_status":"closed","ping_status":"closed","sticky":false,"template":"","format":"standard","meta":{"footnotes":""},"categories":[436,440,257,439],"tags":[],"class_list":["post-228667","post","type-post","status-publish","format-standard","has-post-thumbnail","hentry","category-destaque-da-semana","category-destaques-do-dia","category-esporte","category-ultima-hora"],"_links":{"self":[{"href":"https:\/\/diarioregionaldigital.com.br\/index.php?rest_route=\/wp\/v2\/posts\/228667","targetHints":{"allow":["GET"]}}],"collection":[{"href":"https:\/\/diarioregionaldigital.com.br\/index.php?rest_route=\/wp\/v2\/posts"}],"about":[{"href":"https:\/\/diarioregionaldigital.com.br\/index.php?rest_route=\/wp\/v2\/types\/post"}],"author":[{"embeddable":true,"href":"https:\/\/diarioregionaldigital.com.br\/index.php?rest_route=\/wp\/v2\/users\/246"}],"replies":[{"embeddable":true,"href":"https:\/\/diarioregionaldigital.com.br\/index.php?rest_route=%2Fwp%2Fv2%2Fcomments&post=228667"}],"version-history":[{"count":1,"href":"https:\/\/diarioregionaldigital.com.br\/index.php?rest_route=\/wp\/v2\/posts\/228667\/revisions"}],"predecessor-version":[{"id":228669,"href":"https:\/\/diarioregionaldigital.com.br\/index.php?rest_route=\/wp\/v2\/posts\/228667\/revisions\/228669"}],"wp:featuredmedia":[{"embeddable":true,"href":"https:\/\/diarioregionaldigital.com.br\/index.php?rest_route=\/wp\/v2\/media\/228668"}],"wp:attachment":[{"href":"https:\/\/diarioregionaldigital.com.br\/index.php?rest_route=%2Fwp%2Fv2%2Fmedia&parent=228667"}],"wp:term":[{"taxonomy":"category","embeddable":true,"href":"https:\/\/diarioregionaldigital.com.br\/index.php?rest_route=%2Fwp%2Fv2%2Fcategories&post=228667"},{"taxonomy":"post_tag","embeddable":true,"href":"https:\/\/diarioregionaldigital.com.br\/index.php?rest_route=%2Fwp%2Fv2%2Ftags&post=228667"}],"curies":[{"name":"wp","href":"https:\/\/api.w.org\/{rel}","templated":true}]}}