{"id":228664,"date":"2025-06-04T20:07:39","date_gmt":"2025-06-04T23:07:39","guid":{"rendered":"https:\/\/diarioregionaldigital.com.br\/?p=228664"},"modified":"2025-06-04T20:07:39","modified_gmt":"2025-06-04T23:07:39","slug":"operacao-caminhos-seguros-em-minas-realiza-163-prisoes-e-resgata-13-vitimas-de-exploracao-sexual-infantil","status":"publish","type":"post","link":"https:\/\/diarioregionaldigital.com.br\/?p=228664","title":{"rendered":"Opera\u00e7\u00e3o Caminhos Seguros em Minas realiza 163 pris\u00f5es e resgata 13 v\u00edtimas de explora\u00e7\u00e3o sexual infantil"},"content":{"rendered":"<p>As atividades e abordagens da\u00a0Opera\u00e7\u00e3o Caminhos Seguros, realizadas pelo\u00a0<a href=\"https:\/\/www.mg.gov.br\/\" target=\"_blank\" rel=\"noopener\">Governo de Minas<\/a>\u00a0sob a coordena\u00e7\u00e3o da\u00a0<a href=\"https:\/\/www.seguranca.mg.gov.br\/\" target=\"_blank\" rel=\"noopener\">Secretaria de Estado de Justi\u00e7a e Seguran\u00e7a P\u00fablica (Sejusp)<\/a>, resultaram em 98 pris\u00f5es em flagrante e outras 65 por mandado de pris\u00e3o contra suspeitos do crime de explora\u00e7\u00e3o sexual de crian\u00e7as e adolescentes. Possibilitaram tamb\u00e9m que 13 crian\u00e7as e adolescentes fossem resgatados, somando 361 medidas protetivas solicitadas. Al\u00e9m disso, cerca de 50 quilos de drogas foram apreendidos, entre elas haxixe, coca\u00edna e crack.<\/p>\n<p>O balan\u00e7o foi apresentado\u00a0nesta quarta-feira (4\/6) pela Superintend\u00eancia de Integra\u00e7\u00e3o e Planejamento Operacional (Sipo) da Sejusp. De 30\/4 a\u00a030\/5, as for\u00e7as de seguran\u00e7a atuaram de forma integrada na\u00a0Opera\u00e7\u00e3o Caminhos Seguros\u00a0para reprimir e prevenir o crime de explora\u00e7\u00e3o sexual de crian\u00e7as e adolescentes em todo o estado.<\/p>\n<p>A\u00e7\u00f5es educativas, presenciais e digitais, mobilizaram mais de 3.400 profissionais, que utilizaram cerca de 1.500 viaturas, resultando em mais de 560 mil pessoas alcan\u00e7adas.<\/p>\n<p>No \u00e2mbito nacional, a\u00a0Caminhos Seguros\u00a0teve a coordena\u00e7\u00e3o do Minist\u00e9rio da Justi\u00e7a e Seguran\u00e7a P\u00fablica e aconteceu, simultaneamente, nos 26 estados e no Distriro Federal, sendo realizada por \u00f3rg\u00e3os de seguran\u00e7a p\u00fablica de todo o pa\u00eds, com apoio dos conselhos tutelares.<\/p>\n<p>Em Minas Gerais, sob a coordena\u00e7\u00e3o da Sejusp, a opera\u00e7\u00e3o teve a participa\u00e7\u00e3o de todas as for\u00e7as de seguran\u00e7a \u2014 Pol\u00edcia Rodovi\u00e1ria Federal, Pol\u00edcia Federal,\u00a0<a href=\"https:\/\/www.policiamilitar.mg.gov.br\/\" target=\"_blank\" rel=\"noopener\">Pol\u00edcia Militar de Minas Gerais (PMMG)<\/a>,\u00a0<a href=\"https:\/\/www.policiacivil.mg.gov.br\/\" target=\"_blank\" rel=\"noopener\">Pol\u00edcia Civil do Estado de Minas Gerais (PCMG)<\/a>\u00a0e\u00a0<a href=\"https:\/\/www.bombeiros.mg.gov.br\/\" target=\"_blank\" rel=\"noopener\">Corpo de Bombeiros Militar de Minas Gerais (CBMMG)<\/a>\u00a0, contando tamb\u00e9m com o Minist\u00e9rio P\u00fablico e a\u00a0<a href=\"https:\/\/social.mg.gov.br\/\" target=\"_blank\" rel=\"noopener\">Secretaria de Estado de Desenvolvimento Social (Sedese)<\/a>.<\/p>\n<p>\u201cO balan\u00e7o da Opera\u00e7\u00e3o Caminhos Seguros mostra que, em Minas, ela j\u00e1 se tornou definitiva. Demonstrou, mais uma vez, a capacidade t\u00e9cnica e a efetividade das for\u00e7as de seguran\u00e7a de Minas Gerais de se unirem no enfrentamento qualificado \u00e0 explora\u00e7\u00e3o sexual de crian\u00e7as e adolescentes\u201d, avalia o Secret\u00e1rio de Estado de Justi\u00e7a e Seguran\u00e7a P\u00fablica, Rog\u00e9rio Greco.<\/p>\n<p><strong>Atua\u00e7\u00f5es<\/strong><\/p>\n<p>As \u00e1reas de interesse operacional, suscet\u00edveis \u00e0 explora\u00e7\u00e3o sexual de crian\u00e7as e adolescentes, concentraram-se em rodovias federais e estaduais, al\u00e9m de casas noturnas, bares, estabelecimentos de hospedagem e outros locais definidos pelos \u00f3rg\u00e3os envolvidos.<\/p>\n<p>Uma das atribui\u00e7\u00f5es espec\u00edficas da Sejusp consistiu no recebimento de den\u00fancias da Ouvidoria Nacional de Direitos Humanos e do Minist\u00e9rio dos Direitos Humanos e da Cidadania, repassando-as \u00e0s institui\u00e7\u00f5es competentes para apura\u00e7\u00e3o.<\/p>\n<p>Durante os trabalhos, as institui\u00e7\u00f5es analisaram den\u00fancias e intensificaram a fiscaliza\u00e7\u00e3o, realizaram a\u00e7\u00f5es preventivas e estimularam a realiza\u00e7\u00e3o de den\u00fancias. Foram 595 den\u00fancias apuradas e quase nove mil ve\u00edculos fiscalizados em 217 pontos de bloqueio para blitz em todo o estado.<\/p>\n<p>Fonte: Ag\u00eancia Minas<\/p>\n","protected":false},"excerpt":{"rendered":"<p>As atividades e abordagens da\u00a0Opera\u00e7\u00e3o Caminhos Seguros, realizadas pelo\u00a0Governo de Minas\u00a0sob a coordena\u00e7\u00e3o da\u00a0Secretaria de Estado de Justi\u00e7a e Seguran\u00e7a P\u00fablica (Sejusp), resultaram em 98 pris\u00f5es em flagrante e outras 65 por mandado de pris\u00e3o contra suspeitos do crime de explora\u00e7\u00e3o sexual de crian\u00e7as e adolescentes. Possibilitaram tamb\u00e9m que 13 crian\u00e7as e adolescentes fossem resgatados, [&hellip;]<\/p>\n","protected":false},"author":246,"featured_media":228665,"comment_status":"closed","ping_status":"closed","sticky":false,"template":"","format":"standard","meta":{"footnotes":""},"categories":[301,436,439],"tags":[],"class_list":["post-228664","post","type-post","status-publish","format-standard","has-post-thumbnail","hentry","category-artigos-policiais","category-destaque-da-semana","category-ultima-hora"],"_links":{"self":[{"href":"https:\/\/diarioregionaldigital.com.br\/index.php?rest_route=\/wp\/v2\/posts\/228664","targetHints":{"allow":["GET"]}}],"collection":[{"href":"https:\/\/diarioregionaldigital.com.br\/index.php?rest_route=\/wp\/v2\/posts"}],"about":[{"href":"https:\/\/diarioregionaldigital.com.br\/index.php?rest_route=\/wp\/v2\/types\/post"}],"author":[{"embeddable":true,"href":"https:\/\/diarioregionaldigital.com.br\/index.php?rest_route=\/wp\/v2\/users\/246"}],"replies":[{"embeddable":true,"href":"https:\/\/diarioregionaldigital.com.br\/index.php?rest_route=%2Fwp%2Fv2%2Fcomments&post=228664"}],"version-history":[{"count":1,"href":"https:\/\/diarioregionaldigital.com.br\/index.php?rest_route=\/wp\/v2\/posts\/228664\/revisions"}],"predecessor-version":[{"id":228666,"href":"https:\/\/diarioregionaldigital.com.br\/index.php?rest_route=\/wp\/v2\/posts\/228664\/revisions\/228666"}],"wp:featuredmedia":[{"embeddable":true,"href":"https:\/\/diarioregionaldigital.com.br\/index.php?rest_route=\/wp\/v2\/media\/228665"}],"wp:attachment":[{"href":"https:\/\/diarioregionaldigital.com.br\/index.php?rest_route=%2Fwp%2Fv2%2Fmedia&parent=228664"}],"wp:term":[{"taxonomy":"category","embeddable":true,"href":"https:\/\/diarioregionaldigital.com.br\/index.php?rest_route=%2Fwp%2Fv2%2Fcategories&post=228664"},{"taxonomy":"post_tag","embeddable":true,"href":"https:\/\/diarioregionaldigital.com.br\/index.php?rest_route=%2Fwp%2Fv2%2Ftags&post=228664"}],"curies":[{"name":"wp","href":"https:\/\/api.w.org\/{rel}","templated":true}]}}