{"id":228661,"date":"2025-06-04T20:06:15","date_gmt":"2025-06-04T23:06:15","guid":{"rendered":"https:\/\/diarioregionaldigital.com.br\/?p=228661"},"modified":"2025-06-04T20:06:15","modified_gmt":"2025-06-04T23:06:15","slug":"minas-gerais-promove-seminario-inedito-sobre-seguranca-vacinal-e-farmacovigilancia","status":"publish","type":"post","link":"https:\/\/diarioregionaldigital.com.br\/?p=228661","title":{"rendered":"Minas Gerais promove semin\u00e1rio in\u00e9dito sobre seguran\u00e7a vacinal e farmacovigil\u00e2ncia"},"content":{"rendered":"<p>A\u00a0<a href=\"https:\/\/www.saude.mg.gov.br\/\" target=\"_blank\" rel=\"noopener\">Secretaria de Estado de Sa\u00fade de Minas Gerais (SES-MG)<\/a>\u00a0realizou, nos dias 3 e 4\/6, o I Semin\u00e1rio Mineiro da Rede de Farmacovigil\u00e2ncia, no Audit\u00f3rio do Centro de Atividades Did\u00e1ticas 2 da Universidade Federal de Minas Gerais (UFMG), em Belo Horizonte.<\/p>\n<p dir=\"ltr\">In\u00e9dito no estado, o encontro reuniu profissionais de sa\u00fade, gestores p\u00fablicos, pesquisadores e representantes dos Centros de Refer\u00eancia para Imunobiol\u00f3gicos Especiais (Crie) para debater os principais desafios e inova\u00e7\u00f5es cient\u00edficas na \u00e1rea da imuniza\u00e7\u00e3o, com foco na seguran\u00e7a vacinal e no fortalecimento das a\u00e7\u00f5es de vigil\u00e2ncia em sa\u00fade em Minas Gerais.<\/p>\n<p dir=\"ltr\">O subsecret\u00e1rio de Vigil\u00e2ncia em Sa\u00fade da SES-MG, Eduardo Prosdocimi, destacou os investimentos realizados pela pasta para promover o aumento das coberturas vacinais no estado.<\/p>\n<p dir=\"ltr\">\u201cMinas \u00e9 o estado brasileiro que mais investe em vacina\u00e7\u00e3o. Investimos em vacim\u00f3veis, na capacita\u00e7\u00e3o dos profissionais e em estrat\u00e9gias de vacina\u00e7\u00e3o extramuros, para que os munic\u00edpios consigam fomentar o aumento dos \u00edndices vacinais e evitar complica\u00e7\u00f5es e \u00f3bitos por doen\u00e7as imunopreven\u00edveis\u201d, pontuou Prosdocimi.<\/p>\n<p dir=\"ltr\">\u201cNesses dois dias de evento, tivemos a oportunidade de abordar a import\u00e2ncia das vacinas e de facilitar o acesso da popula\u00e7\u00e3o aos imunizantes, bem como \u00e0s informa\u00e7\u00f5es qualificadas que ressaltam os benef\u00edcios de manter o cart\u00e3o vacinal atualizado. Juntos, podemos construir pol\u00edticas p\u00fablicas de sa\u00fade inovadoras e eficazes\u201d, completou o subsecret\u00e1rio.<\/p>\n<p dir=\"ltr\">O coordenador-geral de Farmacovigil\u00e2ncia do Minist\u00e9rio da Sa\u00fade, Jadher P\u00e9rcio, ressaltou o pioneirismo do estado na qualifica\u00e7\u00e3o das equipes de sa\u00fade e na conscientiza\u00e7\u00e3o da popula\u00e7\u00e3o.<\/p>\n<p dir=\"ltr\">\u201cMinas \u00e9 um estado muito estrat\u00e9gico: grande, populoso, e onde muitas iniciativas acabam influenciando todo o pa\u00eds. Este semin\u00e1rio \u00e9 uma oportunidade de refletirmos sobre temas que afetam a todos n\u00f3s\u201d, destacou.<\/p>\n<p dir=\"ltr\">\u201cGra\u00e7as \u00e0s vacinas, as pessoas t\u00eam tido menos medo das doen\u00e7as, porque conseguimos, por meio delas, reduzir a morbidade, controlar e eliminar diversos agravos. \u00c9 preciso levar informa\u00e7\u00f5es confi\u00e1veis \u00e0 popula\u00e7\u00e3o e refor\u00e7ar sempre que elas s\u00e3o seguras e salvam vidas\u201d, concluiu Jadher.<\/p>\n<p dir=\"ltr\">Com uma programa\u00e7\u00e3o robusta, o evento contou com palestras, mesas-redondas e pain\u00e9is tem\u00e1ticos sobre eventos adversos p\u00f3s-vacina\u00e7\u00e3o, estrat\u00e9gias de preven\u00e7\u00e3o de doen\u00e7as transmiss\u00edveis e o papel da farmacovigil\u00e2ncia na seguran\u00e7a em sa\u00fade p\u00fablica.<\/p>\n<p dir=\"ltr\">Al\u00e9m de fomentar a qualifica\u00e7\u00e3o t\u00e9cnica de profissionais e gestores, tamb\u00e9m foram apresentadas experi\u00eancias exitosas e estudos cient\u00edficos alinhados ao tema, ampliando a troca de conhecimentos entre os diversos atores envolvidos no cuidado com a popula\u00e7\u00e3o mineira.<\/p>\n<p dir=\"ltr\">Entre os temas abordados durante o semin\u00e1rio, destacam-se: Seguran\u00e7a das Vacinas e Eventos Supostamente Atribu\u00edveis \u00e0 Vacina\u00e7\u00e3o ou Imuniza\u00e7\u00e3o (Esavi); Panorama da Farmacovigil\u00e2ncia no Brasil \u2013 Avan\u00e7os e Desafios; e as Contribui\u00e7\u00f5es da Rede Crie em Minas para a aten\u00e7\u00e3o a grupos especiais, entre outros. Mais informa\u00e7\u00f5es\u00a0<a href=\"https:\/\/www.saude.mg.gov.br\/seminariocrie-esavi\/\" target=\"_blank\" rel=\"noopener\">neste link<\/a>.<\/p>\n<p>Fonte: Ag\u00eancia Minas<\/p>\n","protected":false},"excerpt":{"rendered":"<p>A\u00a0Secretaria de Estado de Sa\u00fade de Minas Gerais (SES-MG)\u00a0realizou, nos dias 3 e 4\/6, o I Semin\u00e1rio Mineiro da Rede de Farmacovigil\u00e2ncia, no Audit\u00f3rio do Centro de Atividades Did\u00e1ticas 2 da Universidade Federal de Minas Gerais (UFMG), em Belo Horizonte. In\u00e9dito no estado, o encontro reuniu profissionais de sa\u00fade, gestores p\u00fablicos, pesquisadores e representantes dos [&hellip;]<\/p>\n","protected":false},"author":246,"featured_media":228662,"comment_status":"closed","ping_status":"closed","sticky":false,"template":"","format":"standard","meta":{"footnotes":""},"categories":[436,261,254,439],"tags":[],"class_list":["post-228661","post","type-post","status-publish","format-standard","has-post-thumbnail","hentry","category-destaque-da-semana","category-economia","category-politica","category-ultima-hora"],"_links":{"self":[{"href":"https:\/\/diarioregionaldigital.com.br\/index.php?rest_route=\/wp\/v2\/posts\/228661","targetHints":{"allow":["GET"]}}],"collection":[{"href":"https:\/\/diarioregionaldigital.com.br\/index.php?rest_route=\/wp\/v2\/posts"}],"about":[{"href":"https:\/\/diarioregionaldigital.com.br\/index.php?rest_route=\/wp\/v2\/types\/post"}],"author":[{"embeddable":true,"href":"https:\/\/diarioregionaldigital.com.br\/index.php?rest_route=\/wp\/v2\/users\/246"}],"replies":[{"embeddable":true,"href":"https:\/\/diarioregionaldigital.com.br\/index.php?rest_route=%2Fwp%2Fv2%2Fcomments&post=228661"}],"version-history":[{"count":1,"href":"https:\/\/diarioregionaldigital.com.br\/index.php?rest_route=\/wp\/v2\/posts\/228661\/revisions"}],"predecessor-version":[{"id":228663,"href":"https:\/\/diarioregionaldigital.com.br\/index.php?rest_route=\/wp\/v2\/posts\/228661\/revisions\/228663"}],"wp:featuredmedia":[{"embeddable":true,"href":"https:\/\/diarioregionaldigital.com.br\/index.php?rest_route=\/wp\/v2\/media\/228662"}],"wp:attachment":[{"href":"https:\/\/diarioregionaldigital.com.br\/index.php?rest_route=%2Fwp%2Fv2%2Fmedia&parent=228661"}],"wp:term":[{"taxonomy":"category","embeddable":true,"href":"https:\/\/diarioregionaldigital.com.br\/index.php?rest_route=%2Fwp%2Fv2%2Fcategories&post=228661"},{"taxonomy":"post_tag","embeddable":true,"href":"https:\/\/diarioregionaldigital.com.br\/index.php?rest_route=%2Fwp%2Fv2%2Ftags&post=228661"}],"curies":[{"name":"wp","href":"https:\/\/api.w.org\/{rel}","templated":true}]}}