{"id":228658,"date":"2025-06-04T20:05:23","date_gmt":"2025-06-04T23:05:23","guid":{"rendered":"https:\/\/diarioregionaldigital.com.br\/?p=228658"},"modified":"2025-06-04T20:05:23","modified_gmt":"2025-06-04T23:05:23","slug":"governo-do-estado-convida-municipios-a-integrarem-o-calendario-oficial-do-minas-junina-2025","status":"publish","type":"post","link":"https:\/\/diarioregionaldigital.com.br\/?p=228658","title":{"rendered":"Governo do Estado convida munic\u00edpios a integrarem o calend\u00e1rio oficial do Minas Junina 2025"},"content":{"rendered":"<p><main class=\"clear margin-md-bottom-3\"><\/p>\n<div class=\"clear \">\n<p>O\u00a0<a href=\"https:\/\/www.mg.gov.br\/\" target=\"_blank\" rel=\"noopener\">Governo de Minas<\/a>, por meio da\u00a0<a href=\"https:\/\/www.secult.mg.gov.br\/\" target=\"_blank\" rel=\"noopener\">Secretaria de Estado de Cultura e Turismo de Minas Gerais (Secult-MG)<\/a>, convida gestores municipais a participarem ativamente da campanha Minas Junina 2025, fortalecendo a valoriza\u00e7\u00e3o da cultura popular e impulsionando o turismo local.<\/p>\n<p>Para isso, os munic\u00edpios devem cadastrar suas festas juninas e manifesta\u00e7\u00f5es tradicionais no\u00a0<a href=\"https:\/\/www.minasgerais.com.br\/pt\" target=\"_blank\" rel=\"noopener\">Portal Oficial do Turismo<\/a>\u00a0do estado.<\/p>\n<p>O Minas Junina, lan\u00e7ado no dia 26\/5, dentro da pol\u00edtica p\u00fablica estruturante Descentra Cultura, celebra as tradi\u00e7\u00f5es em devo\u00e7\u00e3o a Santo Ant\u00f4nio, S\u00e3o Jo\u00e3o e S\u00e3o Pedro, por meio de arrai\u00e1s, quadrilhas, fogueiras, prociss\u00f5es, forr\u00f3s e festas populares. O portf\u00f3lio de eventos pode ser acessado\u00a0<a href=\"https:\/\/minasgerais.com.br\/pt\/eventos\/classificacao\/minas-junina-2025\" target=\"_blank\" rel=\"noopener\">neste link<\/a>.<\/p>\n<p><strong>Cat\u00e1logo de eventos<\/strong><\/p>\n<figure class=\"image\"><img decoding=\"async\" src=\"https:\/\/www.agenciaminas.mg.gov.br\/ckeditor_assets\/pictures\/23037\/content_arraia_do_pilar_op_2019_007_-_ane_souz.jpg\" alt=\"\" \/><figcaption><sub><em>Ane Souz<\/em><\/sub><\/figcaption><\/figure>\n<p>Em 2025, mais de 400 munic\u00edpios dever\u00e3o participar das comemora\u00e7\u00f5es, que devem atrair cerca de 3,3 milh\u00f5es de pessoas em todo o estado.<\/p>\n<p>E o melhor: ao cadastrar seu evento, o munic\u00edpio ainda soma pontos para o Imposto sobre Circula\u00e7\u00e3o de Mercadorias e Servi\u00e7os\u00a0(ICMS) do Patrim\u00f4nio Cultural, recurso fundamental para fomentar a cultura local com autonomia.<\/p>\n<p>Al\u00e9m de garantir visibilidade estadual e nacional para os eventos, o portal se torna uma vitrine digital para turistas que desejam vivenciar as tradi\u00e7\u00f5es mineiras. O portal \u00e9\u00a0tamb\u00e9m uma importante ferramenta de divulga\u00e7\u00e3o que valoriza o trabalho de artistas, quadrilhas, comunidades e produtores locais.<\/p>\n<p><strong>Como cadastrar<\/strong><\/p>\n<p>Acesse o\u00a0<a href=\"https:\/\/www.minasgerais.com.br\/admin\/login\" target=\"_blank\" rel=\"noopener\">Portal Oficial do Turismo<\/a>. Se j\u00e1 possui cadastro, entre com usu\u00e1rio e senha. Caso contr\u00e1rio, clique em \u201cQuero me cadastrar\u201d e crie seu acesso.<\/p>\n<p>Ap\u00f3s o login, clique em \u201cEventos\u201d e cadastre sua programa\u00e7\u00e3o. Na classifica\u00e7\u00e3o do evento, selecione Minas Junina 2025.<\/p>\n<p>Preencha todos os campos com aten\u00e7\u00e3o: t\u00edtulo e descri\u00e7\u00e3o curta (impactante e objetiva); descri\u00e7\u00e3o completa (programa\u00e7\u00e3o, datas, local, atra\u00e7\u00f5es), foto de capa obrigat\u00f3ria e com boa qualidade; por fim, coloque os canais de contato: site, redes sociais, e-mail, telefone.<\/p>\n<p>A campanha contempla festas de todos os portes e manifesta\u00e7\u00f5es culturais relacionadas ao ciclo junino. Cadastrar um evento \u00e9 garantir que ele esteja no maior roteiro junino j\u00e1 realizado em Minas Gerais. Para mais informa\u00e7\u00f5es ou d\u00favidas, confira o guia de instru\u00e7\u00f5es.\u00a0<a href=\"https:\/\/drive.google.com\/file\/d\/1awQHdHcztUsrMffUWDXKRMThe_KDNwXr\/view\" target=\"_blank\" rel=\"noopener\">Clique aqui<\/a>\u00a0para acessar o material completo.<\/p>\n<p>Fonte: Ag\u00eancia Minas<\/p>\n<\/div>\n<p><\/main><\/p>\n","protected":false},"excerpt":{"rendered":"<p>O\u00a0Governo de Minas, por meio da\u00a0Secretaria de Estado de Cultura e Turismo de Minas Gerais (Secult-MG), convida gestores municipais a participarem ativamente da campanha Minas Junina 2025, fortalecendo a valoriza\u00e7\u00e3o da cultura popular e impulsionando o turismo local. Para isso, os munic\u00edpios devem cadastrar suas festas juninas e manifesta\u00e7\u00f5es tradicionais no\u00a0Portal Oficial do Turismo\u00a0do estado. [&hellip;]<\/p>\n","protected":false},"author":246,"featured_media":228659,"comment_status":"closed","ping_status":"closed","sticky":false,"template":"","format":"standard","meta":{"footnotes":""},"categories":[436,261,254,439],"tags":[],"class_list":["post-228658","post","type-post","status-publish","format-standard","has-post-thumbnail","hentry","category-destaque-da-semana","category-economia","category-politica","category-ultima-hora"],"_links":{"self":[{"href":"https:\/\/diarioregionaldigital.com.br\/index.php?rest_route=\/wp\/v2\/posts\/228658","targetHints":{"allow":["GET"]}}],"collection":[{"href":"https:\/\/diarioregionaldigital.com.br\/index.php?rest_route=\/wp\/v2\/posts"}],"about":[{"href":"https:\/\/diarioregionaldigital.com.br\/index.php?rest_route=\/wp\/v2\/types\/post"}],"author":[{"embeddable":true,"href":"https:\/\/diarioregionaldigital.com.br\/index.php?rest_route=\/wp\/v2\/users\/246"}],"replies":[{"embeddable":true,"href":"https:\/\/diarioregionaldigital.com.br\/index.php?rest_route=%2Fwp%2Fv2%2Fcomments&post=228658"}],"version-history":[{"count":1,"href":"https:\/\/diarioregionaldigital.com.br\/index.php?rest_route=\/wp\/v2\/posts\/228658\/revisions"}],"predecessor-version":[{"id":228660,"href":"https:\/\/diarioregionaldigital.com.br\/index.php?rest_route=\/wp\/v2\/posts\/228658\/revisions\/228660"}],"wp:featuredmedia":[{"embeddable":true,"href":"https:\/\/diarioregionaldigital.com.br\/index.php?rest_route=\/wp\/v2\/media\/228659"}],"wp:attachment":[{"href":"https:\/\/diarioregionaldigital.com.br\/index.php?rest_route=%2Fwp%2Fv2%2Fmedia&parent=228658"}],"wp:term":[{"taxonomy":"category","embeddable":true,"href":"https:\/\/diarioregionaldigital.com.br\/index.php?rest_route=%2Fwp%2Fv2%2Fcategories&post=228658"},{"taxonomy":"post_tag","embeddable":true,"href":"https:\/\/diarioregionaldigital.com.br\/index.php?rest_route=%2Fwp%2Fv2%2Ftags&post=228658"}],"curies":[{"name":"wp","href":"https:\/\/api.w.org\/{rel}","templated":true}]}}