{"id":228652,"date":"2025-06-04T20:03:40","date_gmt":"2025-06-04T23:03:40","guid":{"rendered":"https:\/\/diarioregionaldigital.com.br\/?p=228652"},"modified":"2025-06-04T20:03:40","modified_gmt":"2025-06-04T23:03:40","slug":"secretaria-de-saude-de-minas-destaca-ampliacao-dos-investimentos-e-politicas-estrategicas-no-assembleia-fiscaliza-2025","status":"publish","type":"post","link":"https:\/\/diarioregionaldigital.com.br\/?p=228652","title":{"rendered":"Secretaria de Sa\u00fade de Minas destaca amplia\u00e7\u00e3o dos investimentos e pol\u00edticas estrat\u00e9gicas no Assembleia Fiscaliza 2025"},"content":{"rendered":"<p>A\u00a0<a href=\"https:\/\/www.saude.mg.gov.br\/\" target=\"_blank\" rel=\"noopener\">Secretaria de Estado de Sa\u00fade de Minas Gerais (SES-MG)<\/a>\u00a0participou, nesta quarta-feira (4\/6), do primeiro ciclo do Assembleia Fiscaliza 2025, promovido pela Assembleia Legislativa de Minas Gerais (ALMG). Na ocasi\u00e3o, o secret\u00e1rio de Estado de Sa\u00fade, F\u00e1bio Baccheretti, prestou contas das a\u00e7\u00f5es e investimentos realizados no primeiro semestre do ano, destacando a amplia\u00e7\u00e3o de recursos e pol\u00edticas estruturantes.<\/p>\n<table border=\"0\" cellspacing=\"1\" cellpadding=\"1\" align=\"center\">\n<tbody>\n<tr>\n<td colspan=\"5\"><img decoding=\"async\" src=\"https:\/\/www.agenciaminas.mg.gov.br\/ckeditor_assets\/pictures\/20949\/content_2_olho_topo.jpg\" alt=\"\" \/><\/td>\n<\/tr>\n<tr>\n<td><\/td>\n<td colspan=\"3\" rowspan=\"3\">\n<h1><strong>&#8220;Os investimentos em sa\u00fade saltaram de R$ 5 bilh\u00f5es, em 2019, para R$11,9 bilh\u00f5es, em 2024. Esses recursos permitiram aprimorar a qualidade dos servi\u00e7os e implementar pol\u00edticas que fazem diferen\u00e7a na vida dos mineiros&#8221;, afirmou F\u00e1bio Baccheretti.<\/strong><\/h1>\n<\/td>\n<td><\/td>\n<\/tr>\n<tr>\n<td><\/td>\n<td><\/td>\n<\/tr>\n<tr>\n<td><\/td>\n<td><\/td>\n<\/tr>\n<tr>\n<td colspan=\"5\"><img decoding=\"async\" src=\"https:\/\/www.agenciaminas.mg.gov.br\/ckeditor_assets\/pictures\/20950\/content_2_olho_inferior.jpg\" alt=\"\" \/><\/td>\n<\/tr>\n<\/tbody>\n<\/table>\n<p>Entre as iniciativas apresentadas, est\u00e1 a pol\u00edtica Opera Mais, Minas Gerais, que, de 2022 a 2024, destinou R$ 862 milh\u00f5es para complementar o financiamento federal das cirurgias eletivas. Com isso, o estado alcan\u00e7ou a marca de 1 milh\u00e3o de procedimentos realizados.<\/p>\n<p>No enfrentamento ao c\u00e2ncer de mama, a SES-MG implantou o programa Cuidar na Hora Certa \u2013 Sa\u00fade Aqui Tem Pressa, que visa acelerar o acesso \u00e0 mamografia. Em 2025, o programa contar\u00e1 com investimento de R$ 24 milh\u00f5es. &#8220;Um diagn\u00f3stico precoce, aliado ao tratamento adequado, garante melhores chances de cura&#8221;, pontuou o secret\u00e1rio.<\/p>\n<p>Baccheretti tamb\u00e9m citou a descentraliza\u00e7\u00e3o dos servi\u00e7os de sa\u00fade, com a cria\u00e7\u00e3o de 41 novos pontos de aten\u00e7\u00e3o ambulatorial especializada e a amplia\u00e7\u00e3o do n\u00famero de Unidades B\u00e1sicas de Sa\u00fade (UBS). O estado passou a contar com 72 servi\u00e7os de hemodi\u00e1lise, gra\u00e7as \u00e0 cria\u00e7\u00e3o de 13 novas unidades, e a cobertura do Samu 192 Regional avan\u00e7ou de 11 para 16 macrorregi\u00f5es.<\/p>\n<p><strong>Triagem neonatal<\/strong><\/p>\n<p>Minas Gerais tamb\u00e9m se tornou refer\u00eancia nacional em triagem neonatal. O n\u00famero de doen\u00e7as detectadas no Teste do Pezinho aumentou de seis para 60, com cerca de mil exames realizados diariamente. Em 2025, o programa recebeu R$ 64 milh\u00f5es em investimentos.<\/p>\n<p>&#8220;Todas as crian\u00e7as diagnosticadas s\u00e3o encaminhadas, de forma imediata, a tratamento multidisciplinar em centros de refer\u00eancia da rede p\u00fablica. Para fortalecer essa rede, foram investidos mais de R$ 497 milh\u00f5es na habilita\u00e7\u00e3o de novos servi\u00e7os&#8221;, afirmou o secret\u00e1rio de Sa\u00fade de Minas.<\/p>\n<p><strong>Cobertura vacinal<\/strong><\/p>\n<p>Outro avan\u00e7o importante mencionado foi na imuniza\u00e7\u00e3o. Em 2025, 13 das 19 vacinas do Programa Nacional de Imuniza\u00e7\u00f5es (PNI) apresentaram aumento de cobertura. A melhoria \u00e9 fruto de estrat\u00e9gias como vacina\u00e7\u00e3o extramuros, campanhas de conscientiza\u00e7\u00e3o e a\u00e7\u00f5es como o Dia D, que envolveu mais de 730 munic\u00edpios. Ao todo, o Programa Mineiro de Imuniza\u00e7\u00e3o j\u00e1 recebeu R$ 210 milh\u00f5es.<\/p>\n<p><strong>Combate \u00e0 SRAG<\/strong><\/p>\n<p>Diante do aumento dos casos de S\u00edndrome Respirat\u00f3ria Aguda Grave (SRAG), o Governo de Minas decretou, em maio, situa\u00e7\u00e3o de emerg\u00eancia em sa\u00fade p\u00fablica, v\u00e1lida por 180 dias. A medida permite ampliar a resposta assistencial, com repasse de R$ 1,6 milh\u00e3o para hospitais que abrirem ou adaptarem leitos cl\u00ednicos voltados ao atendimento de SRAG.<\/p>\n<p>O Assembleia Fiscaliza \u00e9 realizado semestralmente pela ALMG para fortalecer o controle social e o di\u00e1logo entre os Legislativo e o Executivo.<\/p>\n<p>Fonte: Ag\u00eancia Minas<\/p>\n","protected":false},"excerpt":{"rendered":"<p>A\u00a0Secretaria de Estado de Sa\u00fade de Minas Gerais (SES-MG)\u00a0participou, nesta quarta-feira (4\/6), do primeiro ciclo do Assembleia Fiscaliza 2025, promovido pela Assembleia Legislativa de Minas Gerais (ALMG). Na ocasi\u00e3o, o secret\u00e1rio de Estado de Sa\u00fade, F\u00e1bio Baccheretti, prestou contas das a\u00e7\u00f5es e investimentos realizados no primeiro semestre do ano, destacando a amplia\u00e7\u00e3o de recursos e [&hellip;]<\/p>\n","protected":false},"author":246,"featured_media":228653,"comment_status":"closed","ping_status":"closed","sticky":false,"template":"","format":"standard","meta":{"footnotes":""},"categories":[436,440,261,254,439],"tags":[],"class_list":["post-228652","post","type-post","status-publish","format-standard","has-post-thumbnail","hentry","category-destaque-da-semana","category-destaques-do-dia","category-economia","category-politica","category-ultima-hora"],"_links":{"self":[{"href":"https:\/\/diarioregionaldigital.com.br\/index.php?rest_route=\/wp\/v2\/posts\/228652","targetHints":{"allow":["GET"]}}],"collection":[{"href":"https:\/\/diarioregionaldigital.com.br\/index.php?rest_route=\/wp\/v2\/posts"}],"about":[{"href":"https:\/\/diarioregionaldigital.com.br\/index.php?rest_route=\/wp\/v2\/types\/post"}],"author":[{"embeddable":true,"href":"https:\/\/diarioregionaldigital.com.br\/index.php?rest_route=\/wp\/v2\/users\/246"}],"replies":[{"embeddable":true,"href":"https:\/\/diarioregionaldigital.com.br\/index.php?rest_route=%2Fwp%2Fv2%2Fcomments&post=228652"}],"version-history":[{"count":1,"href":"https:\/\/diarioregionaldigital.com.br\/index.php?rest_route=\/wp\/v2\/posts\/228652\/revisions"}],"predecessor-version":[{"id":228654,"href":"https:\/\/diarioregionaldigital.com.br\/index.php?rest_route=\/wp\/v2\/posts\/228652\/revisions\/228654"}],"wp:featuredmedia":[{"embeddable":true,"href":"https:\/\/diarioregionaldigital.com.br\/index.php?rest_route=\/wp\/v2\/media\/228653"}],"wp:attachment":[{"href":"https:\/\/diarioregionaldigital.com.br\/index.php?rest_route=%2Fwp%2Fv2%2Fmedia&parent=228652"}],"wp:term":[{"taxonomy":"category","embeddable":true,"href":"https:\/\/diarioregionaldigital.com.br\/index.php?rest_route=%2Fwp%2Fv2%2Fcategories&post=228652"},{"taxonomy":"post_tag","embeddable":true,"href":"https:\/\/diarioregionaldigital.com.br\/index.php?rest_route=%2Fwp%2Fv2%2Ftags&post=228652"}],"curies":[{"name":"wp","href":"https:\/\/api.w.org\/{rel}","templated":true}]}}