{"id":228649,"date":"2025-06-03T19:04:01","date_gmt":"2025-06-03T22:04:01","guid":{"rendered":"https:\/\/diarioregionaldigital.com.br\/?p=228649"},"modified":"2025-06-03T19:04:01","modified_gmt":"2025-06-03T22:04:01","slug":"operacao-comercio-legal-apreende-mais-de-500-produtos-comercializados-irregularmente","status":"publish","type":"post","link":"https:\/\/diarioregionaldigital.com.br\/?p=228649","title":{"rendered":"Opera\u00e7\u00e3o Com\u00e9rcio Legal apreende mais de 500 produtos comercializados irregularmente"},"content":{"rendered":"<p>Segundo informa\u00e7\u00f5es do site da Prefeitura de Juiz de Fora (PJF), a PJF, por meio da Fiscaliza\u00e7\u00e3o de Posturas da Secretaria de Desenvolvimento Urbano com Participa\u00e7\u00e3o Popular (SEDUPP), apreendeu 588 produtos que seriam comercializados de maneira irregular no Centro. A a\u00e7\u00e3o faz parte da opera\u00e7\u00e3o Com\u00e9rcio Legal, que atua no combate \u00e0 venda de produtos sem proced\u00eancia de origem.<\/p>\n<p>Foram apreendidos 101 \u00f3culos, 351 itens de vestu\u00e1rio e 136 acess\u00f3rios. Os produtos estavam sendo distribu\u00eddos sem licen\u00e7a da PJF e n\u00e3o apresentavam nenhum documento com\u00a0 informa\u00e7\u00f5es sobre a origem dos mesmos. Caso algum\u00a0 vendedor queira reaver a mercadoria apreendida, \u00e9 necess\u00e1rio procurar a fiscaliza\u00e7\u00e3o, apresentar os documentos de origem dos produtos e pagar a multa.<\/p>\n<div>A opera\u00e7\u00e3o Com\u00e9rcio Legal tem como finalidade combater o com\u00e9rcio irregular na \u00e1rea central da cidade, assegurar os direitos dos consumidores e garantir o cumprimento do edital de licita\u00e7\u00e3o para o com\u00e9rcio popular.<\/div>\n","protected":false},"excerpt":{"rendered":"<p>Segundo informa\u00e7\u00f5es do site da Prefeitura de Juiz de Fora (PJF), a PJF, por meio da Fiscaliza\u00e7\u00e3o de Posturas da Secretaria de Desenvolvimento Urbano com Participa\u00e7\u00e3o Popular (SEDUPP), apreendeu 588 produtos que seriam comercializados de maneira irregular no Centro. A a\u00e7\u00e3o faz parte da opera\u00e7\u00e3o Com\u00e9rcio Legal, que atua no combate \u00e0 venda de produtos [&hellip;]<\/p>\n","protected":false},"author":246,"featured_media":228650,"comment_status":"closed","ping_status":"closed","sticky":false,"template":"","format":"standard","meta":{"footnotes":""},"categories":[253,436,439],"tags":[],"class_list":["post-228649","post","type-post","status-publish","format-standard","has-post-thumbnail","hentry","category-cidade","category-destaque-da-semana","category-ultima-hora"],"_links":{"self":[{"href":"https:\/\/diarioregionaldigital.com.br\/index.php?rest_route=\/wp\/v2\/posts\/228649","targetHints":{"allow":["GET"]}}],"collection":[{"href":"https:\/\/diarioregionaldigital.com.br\/index.php?rest_route=\/wp\/v2\/posts"}],"about":[{"href":"https:\/\/diarioregionaldigital.com.br\/index.php?rest_route=\/wp\/v2\/types\/post"}],"author":[{"embeddable":true,"href":"https:\/\/diarioregionaldigital.com.br\/index.php?rest_route=\/wp\/v2\/users\/246"}],"replies":[{"embeddable":true,"href":"https:\/\/diarioregionaldigital.com.br\/index.php?rest_route=%2Fwp%2Fv2%2Fcomments&post=228649"}],"version-history":[{"count":1,"href":"https:\/\/diarioregionaldigital.com.br\/index.php?rest_route=\/wp\/v2\/posts\/228649\/revisions"}],"predecessor-version":[{"id":228651,"href":"https:\/\/diarioregionaldigital.com.br\/index.php?rest_route=\/wp\/v2\/posts\/228649\/revisions\/228651"}],"wp:featuredmedia":[{"embeddable":true,"href":"https:\/\/diarioregionaldigital.com.br\/index.php?rest_route=\/wp\/v2\/media\/228650"}],"wp:attachment":[{"href":"https:\/\/diarioregionaldigital.com.br\/index.php?rest_route=%2Fwp%2Fv2%2Fmedia&parent=228649"}],"wp:term":[{"taxonomy":"category","embeddable":true,"href":"https:\/\/diarioregionaldigital.com.br\/index.php?rest_route=%2Fwp%2Fv2%2Fcategories&post=228649"},{"taxonomy":"post_tag","embeddable":true,"href":"https:\/\/diarioregionaldigital.com.br\/index.php?rest_route=%2Fwp%2Fv2%2Ftags&post=228649"}],"curies":[{"name":"wp","href":"https:\/\/api.w.org\/{rel}","templated":true}]}}